{"id":593,"date":"2025-06-24T19:03:00","date_gmt":"2025-06-24T19:03:00","guid":{"rendered":"https:\/\/allfixpro.de\/?p=593"},"modified":"2025-06-21T08:05:19","modified_gmt":"2025-06-21T08:05:19","slug":"komercni-budovy-pripravene-na-budoucnost","status":"publish","type":"post","link":"https:\/\/allfixpro.de\/cs\/zukunftsfahige-gewerbebauten\/","title":{"rendered":"10 udr\u017eiteln\u00fdch p\u0159\u00edstup\u016f pro komer\u010dn\u00ed budovy p\u0159ipraven\u00e9 na budoucnost"},"content":{"rendered":"<h2 class=\"wp-block-heading\" id='10-nachhaltige-ansatze-fur-gewerbebauten-der-zukunft'>10 udr\u017eiteln\u00fdch p\u0159\u00edstup\u016f pro komer\u010dn\u00ed budovy budoucnosti<\/h2>\n\n<p>V dne\u0161n\u00ed dob\u011b hraje \u00fast\u0159edn\u00ed roli v\u00fdstavba komer\u010dn\u00edch budov p\u0159ipraven\u00fdch na budoucnost. Udr\u017eitelnost a ochrana zdroj\u016f nejsou jen m\u00f3dn\u00edmi slovy, ale nezbytn\u00fdmi p\u0159\u00edstupy k minimalizaci ekologick\u00e9 stopy stavebnictv\u00ed a z\u00e1rove\u0148 k uspokojen\u00ed pot\u0159eb modern\u00edch podnik\u016f. Tento \u010dl\u00e1nek p\u0159edstavuje deset z\u00e1kladn\u00edch strategi\u00ed, kter\u00e9 pom\u00e1haj\u00ed zajistit udr\u017eitelnost a efektivitu komer\u010dn\u00edch budov s c\u00edlem \u0159e\u0161it energetickou krizi a v\u00fdzvy spojen\u00e9 se zm\u011bnou klimatu.<\/p>\n<nav id='rank-math-toc' class='custom-toc wp-block-rank-math-toc-block' role='navigation' aria-label='Obsah' style='margin: 20px 0;padding: 15px;background-color: #f9f9f9;border: 1px solid #ddd;border-radius: 5px'><h2 class='toc-title' style='margin: 0 0 16px 0;padding-bottom: 8px;font-size: 1.4em;font-weight: 600;color: #1f2937;border-bottom: 1px solid #ddd'>N\u00e1zor<\/h2><ul class='toc-list' style='list-style-type: \"\u2013 \";padding-left: 20px;margin: 0;max-height: 400px;position: relative;z-index: 1'><ul class='toc-sublist' style='list-style-type: \"\u2013 \";padding-left: 20px;margin: 0;max-height: 400px;position: relative;z-index: 1'><li class='toc-item toc-level-2' style='margin: 10px 0;line-height: 1.5'><a href='#10-nachhaltige-ansatze-fur-gewerbebauten-der-zukunft' class='toc-link' style='text-decoration: none;color: #374151;display: block;padding-left: 8px'>10 udr\u017eiteln\u00fdch p\u0159\u00edstup\u016f pro komer\u010dn\u00ed budovy budoucnosti<\/a><\/li><li class='toc-item toc-level-2' style='margin: 10px 0;line-height: 1.5'><a href='#bedeutung-nachhaltiger-gewerbebauten' class='toc-link' style='text-decoration: none;color: #374151;display: block;padding-left: 8px'>D\u016fle\u017eitost udr\u017eiteln\u00fdch komer\u010dn\u00edch budov<\/a><\/li><li class='toc-item toc-level-2' style='margin: 10px 0;line-height: 1.5'><a href='#energieeffizienz-als-grundlage-fur-zukunftsfahige-gewerbebauten' class='toc-link' style='text-decoration: none;color: #374151;display: block;padding-left: 8px'>Energetick\u00e1 \u00fa\u010dinnost jako z\u00e1klad pro udr\u017eiteln\u00e9 komer\u010dn\u00ed budovy<\/a><ul class='toc-sublist' style='list-style-type: \"\u2013 \";padding-left: 20px;margin: 0;max-height: 400px;position: relative;z-index: 1'><li class='toc-item toc-level-3' style='margin: 10px 0;line-height: 1.5'><a href='#einsatz-erneuerbarer-energien' class='toc-link' style='text-decoration: none;color: #374151;display: block;padding-left: 8px'>Vyu\u017e\u00edv\u00e1n\u00ed obnoviteln\u00fdch zdroj\u016f energie<\/a><\/li><li class='toc-item toc-level-3' style='margin: 10px 0;line-height: 1.5'><a href='#energieoptimierung-und-smart-building-technologien' class='toc-link' style='text-decoration: none;color: #374151;display: block;padding-left: 8px'>Optimalizace energie a technologie inteligentn\u00edch budov<\/a><\/ul><\/li><\/li><li class='toc-item toc-level-2' style='margin: 10px 0;line-height: 1.5'><a href='#ressourcenschonende-materialien-und-konstruktionstechniken' class='toc-link' style='text-decoration: none;color: #374151;display: block;padding-left: 8px'>Materi\u00e1ly a stavebn\u00ed techniky \u0161et\u0159\u00edc\u00ed zdroje<\/a><ul class='toc-sublist' style='list-style-type: \"\u2013 \";padding-left: 20px;margin: 0;max-height: 400px;position: relative;z-index: 1'><li class='toc-item toc-level-3' style='margin: 10px 0;line-height: 1.5'><a href='#verwendung-nachhaltiger-materialien' class='toc-link' style='text-decoration: none;color: #374151;display: block;padding-left: 8px'>Pou\u017eit\u00ed udr\u017eiteln\u00fdch materi\u00e1l\u016f<\/a><\/li><li class='toc-item toc-level-3' style='margin: 10px 0;line-height: 1.5'><a href='#innovative-bauweisen' class='toc-link' style='text-decoration: none;color: #374151;display: block;padding-left: 8px'>Inovativn\u00ed stavebn\u00ed metody<\/a><\/ul><\/li><\/li><li class='toc-item toc-level-2' style='margin: 10px 0;line-height: 1.5'><a href='#wasser-und-abfallmanagement-in-gewerbebauten' class='toc-link' style='text-decoration: none;color: #374151;display: block;padding-left: 8px'>Hospoda\u0159en\u00ed s vodou a odpady v komer\u010dn\u00edch budov\u00e1ch<\/a><ul class='toc-sublist' style='list-style-type: \"\u2013 \";padding-left: 20px;margin: 0;max-height: 400px;position: relative;z-index: 1'><li class='toc-item toc-level-3' style='margin: 10px 0;line-height: 1.5'><a href='#regenwassermanagement-und-nutzung' class='toc-link' style='text-decoration: none;color: #374151;display: block;padding-left: 8px'>Hospoda\u0159en\u00ed s de\u0161\u0165ovou vodou a jej\u00ed vyu\u017eit\u00ed<\/a><\/li><li class='toc-item toc-level-3' style='margin: 10px 0;line-height: 1.5'><a href='#abfallreduzierung-und-recyclingkonzepte' class='toc-link' style='text-decoration: none;color: #374151;display: block;padding-left: 8px'>Koncepty sni\u017eov\u00e1n\u00ed odpadu a recyklace<\/a><\/ul><\/li><\/li><li class='toc-item toc-level-2' style='margin: 10px 0;line-height: 1.5'><a href='#gesunde-innenraumgestaltung-und-nutzerkomfort' class='toc-link' style='text-decoration: none;color: #374151;display: block;padding-left: 8px'>Zdrav\u00fd design interi\u00e9ru a u\u017eivatelsk\u00fd komfort<\/a><ul class='toc-sublist' style='list-style-type: \"\u2013 \";padding-left: 20px;margin: 0;max-height: 400px;position: relative;z-index: 1'><li class='toc-item toc-level-3' style='margin: 10px 0;line-height: 1.5'><a href='#raumluftqualitat-und-naturliche-beluftung' class='toc-link' style='text-decoration: none;color: #374151;display: block;padding-left: 8px'>Kvalita vnit\u0159n\u00edho vzduchu a p\u0159irozen\u00e9 v\u011btr\u00e1n\u00ed<\/a><\/li><li class='toc-item toc-level-3' style='margin: 10px 0;line-height: 1.5'><a href='#flexible-nutzung-und-raumgestaltung' class='toc-link' style='text-decoration: none;color: #374151;display: block;padding-left: 8px'>Flexibiln\u00ed vyu\u017eit\u00ed a design m\u00edstnosti<\/a><\/ul><\/li><\/li><li class='toc-item toc-level-2' style='margin: 10px 0;line-height: 1.5'><a href='#gesellschaftliche-verantwortung-und-standortentwicklung' class='toc-link' style='text-decoration: none;color: #374151;display: block;padding-left: 8px'>Soci\u00e1ln\u00ed odpov\u011bdnost a rozvoj lokality<\/a><ul class='toc-sublist' style='list-style-type: \"\u2013 \";padding-left: 20px;margin: 0;max-height: 400px;position: relative;z-index: 1'><li class='toc-item toc-level-3' style='margin: 10px 0;line-height: 1.5'><a href='#integration-in-die-nachbarschaft' class='toc-link' style='text-decoration: none;color: #374151;display: block;padding-left: 8px'>Integrace do sousedstv\u00ed<\/a><\/li><li class='toc-item toc-level-3' style='margin: 10px 0;line-height: 1.5'><a href='#langfristige-wartung-und-betriebsmodelle' class='toc-link' style='text-decoration: none;color: #374151;display: block;padding-left: 8px'>Dlouhodob\u00e9 modely \u00fadr\u017eby a provozu<\/a><\/li><\/ul><\/li><\/ul><\/li><\/ul><\/nav>\n\n\n<h2 class=\"wp-block-heading\" id='bedeutung-nachhaltiger-gewerbebauten'>D\u016fle\u017eitost udr\u017eiteln\u00fdch komer\u010dn\u00edch budov<\/h2>\n\n<p>Rostouc\u00ed glob\u00e1ln\u00ed teploty a souvisej\u00edc\u00ed zm\u011bna klimatu zd\u016fraz\u0148uj\u00ed pot\u0159ebu udr\u017eiteln\u00e9 v\u00fdstavby. Komer\u010dn\u00ed budovy jsou \u010dasto v\u00fdznamn\u00fdmi spot\u0159ebiteli energie a zdroj\u016f. Zav\u00e1d\u011bn\u00ed udr\u017eiteln\u00fdch postup\u016f v\u0161ak nab\u00edz\u00ed nejen environment\u00e1ln\u00ed v\u00fdhody, ale tak\u00e9 ekonomick\u00e9 p\u0159\u00edle\u017eitosti. Budouc\u00ed komer\u010dn\u00ed budovy mohou vytv\u00e1\u0159et p\u0159idanou hodnotu jak pro provozovatele, tak pro spole\u010dnost d\u00edky vyu\u017eit\u00ed chytr\u00fdch technologi\u00ed a ekologicky \u0161etrn\u00fdch materi\u00e1l\u016f.<\/p>\n\n<p>Tento \u010dl\u00e1nek je ur\u010den architekt\u016fm, dodavatel\u016fm, investor\u016fm a osob\u00e1m s rozhodovac\u00ed pravomoc\u00ed p\u016fsob\u00edc\u00edm v oblasti pr\u016fmyslov\u00fdch renovac\u00ed, kter\u00e9 hledaj\u00ed udr\u017eiteln\u00e1 \u0159e\u0161en\u00ed pro sv\u00e9 stavebn\u00ed projekty. Pot\u0159eba komplexn\u00edho pov\u011bdom\u00ed o udr\u017eiteln\u00fdch p\u0159\u00edstupech je st\u00e1le v\u00edce uzn\u00e1v\u00e1na a poskytovan\u00e9 informace maj\u00ed slou\u017eit jako vod\u00edtko pro zodpov\u011bdn\u00e9 pl\u00e1nov\u00e1n\u00ed a realizaci projekt\u016f zam\u011b\u0159en\u00fdch na komer\u010dn\u00ed v\u00fdstavbu.<\/p>\n\n<h2 class=\"wp-block-heading\" id='energieeffizienz-als-grundlage-fur-zukunftsfahige-gewerbebauten'>Energetick\u00e1 \u00fa\u010dinnost jako z\u00e1klad pro udr\u017eiteln\u00e9 komer\u010dn\u00ed budovy<\/h2>\n\n<h3 class=\"wp-block-heading\" id='einsatz-erneuerbarer-energien'>Vyu\u017e\u00edv\u00e1n\u00ed obnoviteln\u00fdch zdroj\u016f energie<\/h3>\n\n<p>Komer\u010dn\u00ed budova p\u0159ipraven\u00e1 na budoucnost se mus\u00ed spol\u00e9hat na obnoviteln\u00e9 zdroje energie. Sol\u00e1rn\u00ed energie a v\u011btrn\u00e1 energie jsou jen dva p\u0159\u00edklady zdroj\u016f energie, kter\u00e9 mohou nejen sn\u00ed\u017eit provozn\u00ed n\u00e1klady, ale tak\u00e9 podpo\u0159it udr\u017eitelnost.<\/p>\n\n<ul class=\"wp-block-list\"><li>Sol\u00e1rn\u00ed energie: Fotovoltaick\u00e9 syst\u00e9my mohou generovat velk\u00e9 mno\u017estv\u00ed energie, kter\u00e1 se pou\u017e\u00edv\u00e1 k provozu budovy.<\/li><li>V\u011btrn\u00e1 energie: Inovativn\u00ed n\u00e1vrhy v kombinaci s v\u011btrn\u00fdmi turb\u00ednami mohou dodate\u010dn\u011b pokr\u00fdt energetick\u00e9 pot\u0159eby.<\/li><li>Energeticky sob\u011bsta\u010dn\u00e9 budovy: Kombinac\u00ed n\u011bkolika obnoviteln\u00fdch zdroj\u016f se budova m\u016f\u017ee st\u00e1t t\u00e9m\u011b\u0159 nez\u00e1vislou na extern\u00edch dodavatel\u00edch energie.<\/li><\/ul>\n\n<h3 class=\"wp-block-heading\" id='energieoptimierung-und-smart-building-technologien'>Optimalizace energie a technologie inteligentn\u00edch budov<\/h3>\n\n<p>Inteligentn\u00ed syst\u00e9my \u0159\u00edzen\u00ed budov umo\u017e\u0148uj\u00ed p\u0159esn\u00e9 sledov\u00e1n\u00ed a \u0159\u00edzen\u00ed spot\u0159eby energie. Technologie IoT (internet v\u011bc\u00ed) zde hraj\u00ed kl\u00ed\u010dovou roli shroma\u017e\u010fov\u00e1n\u00edm a anal\u00fdzou dat pro dal\u0161\u00ed optimalizaci vyu\u017e\u00edv\u00e1n\u00ed energie.<\/p>\n\n<ul class=\"wp-block-list\"><li>Inteligentn\u00ed syst\u00e9my vyt\u00e1p\u011bn\u00ed a chlazen\u00ed se p\u0159izp\u016fsobuj\u00ed skute\u010dn\u00fdm m\u00edstn\u00edm podm\u00ednk\u00e1m.<\/li><li>Anal\u00fdzy spot\u0159eby energie pom\u00e1haj\u00ed identifikovat potenci\u00e1ln\u00ed \u00faspory.<\/li><li>Osv\u011btlovac\u00ed syst\u00e9my, kter\u00e9 reaguj\u00ed na denn\u00ed sv\u011btlo, mohou v\u00fdrazn\u011b sn\u00ed\u017eit spot\u0159ebu energie.<\/li><\/ul>\n\n<h2 class=\"wp-block-heading\" id='ressourcenschonende-materialien-und-konstruktionstechniken'>Materi\u00e1ly a stavebn\u00ed techniky \u0161et\u0159\u00edc\u00ed zdroje<\/h2>\n\n<h3 class=\"wp-block-heading\" id='verwendung-nachhaltiger-materialien'>Pou\u017eit\u00ed udr\u017eiteln\u00fdch materi\u00e1l\u016f<\/h3>\n\n<figure class=\"wp-block-image aligncenter size-large\"><img decoding=\"async\" src=\"https:\/\/allfixpro.de\/wp-content\/uploads\/2025\/06\/zukunftsfahige_gewerbebauten_zukunftsfahige-gewerbebauten.jpg\" alt=\"Ilustrace k sekci: \u00dast\u0159edn\u00edm aspektem p\u0159i v\u00fdvoji komer\u010dn\u00edch budov p\u0159ipraven\u00fdch na budoucnost je vyu\u017eit\u00ed udr\u017eiteln\u00fdch \u2013 budouc\u00edch komer\u010dn\u00edch budov\" \/><\/figure><p>Kl\u00ed\u010dov\u00fdm aspektem p\u0159i v\u00fdvoji komer\u010dn\u00edch budov p\u0159ipraven\u00fdch na budoucnost je pou\u017e\u00edv\u00e1n\u00ed udr\u017eiteln\u00fdch materi\u00e1l\u016f. Ty jsou nejen \u0161etrn\u011bj\u0161\u00ed k \u017eivotn\u00edmu prost\u0159ed\u00ed, ale tak\u00e9 p\u0159isp\u00edvaj\u00ed ke sni\u017eov\u00e1n\u00ed uhl\u00edkov\u00e9 stopy.<\/p>\n\n<ul class=\"wp-block-list\"><li>Recyklovan\u00e9 stavebn\u00ed materi\u00e1ly: Pou\u017eit\u00ed recyklovan\u00fdch materi\u00e1l\u016f sni\u017euje pot\u0159ebu nov\u00fdch surovin.<\/li><li>Region\u00e1ln\u00ed stavebn\u00ed materi\u00e1ly: Pou\u017e\u00edv\u00e1n\u00ed materi\u00e1l\u016f z m\u00edstn\u00edch zdroj\u016f sni\u017euje emise z dopravy.<\/li><li>Ekologicky \u0161etrn\u00e9 n\u00e1t\u011bry a izola\u010dn\u00ed materi\u00e1ly: Tyto materi\u00e1ly zlep\u0161uj\u00ed energetickou \u00fa\u010dinnost a z\u00e1rove\u0148 jsou ne\u0161kodn\u00e9 pro zdrav\u00ed u\u017eivatel\u016f.<\/li><\/ul>\n\n<h3 class=\"wp-block-heading\" id='innovative-bauweisen'>Inovativn\u00ed stavebn\u00ed metody<\/h3>\n\n<p>Modul\u00e1rn\u00ed konstrukce a prefabrikace nab\u00edzej\u00ed rozs\u00e1hl\u00e9 mo\u017enosti minimalizace spot\u0159eby zdroj\u016f a doby v\u00fdstavby. Hybridn\u00ed stavebn\u00ed metody kombinuj\u00ed r\u016fzn\u00e9 materi\u00e1ly a techniky a vytv\u00e1\u0159ej\u00ed stabiln\u00ed a efektivn\u00ed struktury.<\/p>\n\n<ul class=\"wp-block-list\"><li>Modul\u00e1rn\u00ed konstrukce: Hotov\u00e9 d\u00edly se montuj\u00ed dle pot\u0159eby, co\u017e v\u00fdrazn\u011b zkracuje dobu v\u00fdstavby.<\/li><li>Adaptivn\u00ed architektura: St\u00e1vaj\u00edc\u00ed budovy jsou renovov\u00e1ny a modernizov\u00e1ny m\u00edsto demolice, co\u017e \u0161et\u0159\u00ed cenn\u00e9 zdroje a zachov\u00e1v\u00e1 kulturn\u00ed statky.<\/li><\/ul>\n\n<h2 class=\"wp-block-heading\" id='wasser-und-abfallmanagement-in-gewerbebauten'>Hospoda\u0159en\u00ed s vodou a odpady v komer\u010dn\u00edch budov\u00e1ch<\/h2>\n\n<h3 class=\"wp-block-heading\" id='regenwassermanagement-und-nutzung'>Hospoda\u0159en\u00ed s de\u0161\u0165ovou vodou a jej\u00ed vyu\u017eit\u00ed<\/h3>\n\n<p>Voda je cenn\u00fd zdroj a jej\u00ed efektivn\u00ed vyu\u017e\u00edv\u00e1n\u00ed je kl\u00ed\u010dov\u00e9 pro udr\u017eitelnost. Syst\u00e9my rekuperace de\u0161\u0165ov\u00e9 vody mohou pomoci sn\u00ed\u017eit pot\u0159ebu sladk\u00e9 vody.<\/p>\n\n<ul class=\"wp-block-list\"><li>Sb\u011br a \u00faprava de\u0161\u0165ov\u00e9 vody pro pou\u017eit\u00ed v budov\u00e1ch, nap\u0159. pro splachov\u00e1n\u00ed toalet nebo zavla\u017eov\u00e1n\u00ed.<\/li><li>Instalat\u00e9rsk\u00e9 pr\u00e1ce \u0161et\u0159\u00edc\u00ed vodu: Instalace \u00fa\u010dinn\u00fdch armatur m\u016f\u017ee v\u00fdrazn\u011b sn\u00ed\u017eit spot\u0159ebu vody.<\/li><\/ul>\n\n<h3 class=\"wp-block-heading\" id='abfallreduzierung-und-recyclingkonzepte'>Koncepty sni\u017eov\u00e1n\u00ed odpadu a recyklace<\/h3>\n\n<p>Udr\u017eiteln\u00fd syst\u00e9m nakl\u00e1d\u00e1n\u00ed s odpady m\u016f\u017ee v\u00fdrazn\u011b sn\u00ed\u017eit st\u00e1vaj\u00edc\u00ed produkci odpadu. Uplatn\u011bn\u00edm p\u0159\u00edstupu \u201eod kol\u00e9bky po kol\u00e9bku\u201c se optimalizuje proces recyklace a uzav\u00edr\u00e1 se cyklus zdroj\u016f.<\/p>\n\n<ul class=\"wp-block-list\"><li>Za\u0159\u00edzen\u00ed na t\u0159\u00edd\u011bn\u00ed odpadu a recyklaci v budov\u00e1ch podporuj\u00ed recyklaci a op\u011btovn\u00e9 pou\u017eit\u00ed materi\u00e1l\u016f.<\/li><li>\u0160kolen\u00ed zam\u011bstnanc\u016f v oblasti spr\u00e1vn\u00e9ho t\u0159\u00edd\u011bn\u00ed odpadu a udr\u017eiteln\u00fdch postup\u016f podporuje sni\u017eov\u00e1n\u00ed mno\u017estv\u00ed odpadu.<\/li><\/ul>\n\n<h2 class=\"wp-block-heading\" id='gesunde-innenraumgestaltung-und-nutzerkomfort'>Zdrav\u00fd design interi\u00e9ru a u\u017eivatelsk\u00fd komfort<\/h2>\n\n<h3 class=\"wp-block-heading\" id='raumluftqualitat-und-naturliche-beluftung'>Kvalita vnit\u0159n\u00edho vzduchu a p\u0159irozen\u00e9 v\u011btr\u00e1n\u00ed<\/h3>\n\n<figure class=\"wp-block-image aligncenter size-large\"><img decoding=\"async\" src=\"https:\/\/allfixpro.de\/wp-content\/uploads\/2025\/06\/zukunftsfahige_gewerbebauten_zukunftsfahige-gewerbebauten-1.jpg\" alt=\"Ilustrace k sekci: Kvalita vnit\u0159n\u00edho ovzdu\u0161\u00ed je kl\u00ed\u010dov\u00e1 pro pohodu jeho u\u017eivatel\u016f. Rostliny lze vyu\u017e\u00edt jako n - udr\u017eiteln\u00e9 komer\u010dn\u00ed budovy\" \/><\/figure><p>Kvalita vnit\u0159n\u00edho ovzdu\u0161\u00ed je kl\u00ed\u010dov\u00e1 pro pohodu jeho obyvatel. Rostliny mohou slou\u017eit jako p\u0159irozen\u00e9 vzduchov\u00e9 filtry a p\u0159isp\u00edvat k lep\u0161\u00edmu vnit\u0159n\u00edmu klimatu.<\/p>\n\n<ul class=\"wp-block-list\"><li>P\u0159irozen\u00e9 v\u011btr\u00e1n\u00ed: Architektonick\u00e1 opat\u0159en\u00ed mohou optimalizovat p\u0159\u00edsun \u010derstv\u00e9ho vzduchu.<\/li><li>Designov\u00e9 prvky, jako jsou \u017eiv\u00e9 st\u011bny nebo rostliny, zlep\u0161uj\u00ed kvalitu ovzdu\u0161\u00ed a zvy\u0161uj\u00ed komfort u\u017eivatel\u016f.<\/li><\/ul>\n\n<h3 class=\"wp-block-heading\" id='flexible-nutzung-und-raumgestaltung'>Flexibiln\u00ed vyu\u017eit\u00ed a design m\u00edstnosti<\/h3>\n\n<p>V dne\u0161n\u00edm pracovn\u00edm sv\u011bt\u011b jsou flexibiln\u00ed pracovn\u00ed koncepty nezbytn\u00e9. Adaptabiln\u00ed prostorov\u00e9 koncepty umo\u017e\u0148uj\u00ed variabiln\u00ed vyu\u017eit\u00ed prostor a lze je l\u00e9pe p\u0159izp\u016fsobit pot\u0159eb\u00e1m u\u017eivatel\u016f.<\/p>\n\n<ul class=\"wp-block-list\"><li>Otev\u0159en\u00e9 p\u016fdorysy podporuj\u00ed spolupr\u00e1ci a kreativitu.<\/li><li>Kancel\u00e1\u0159e a zasedac\u00ed m\u00edstnosti by m\u011bly b\u00fdt snadno upraviteln\u00e9 tak, aby spl\u0148ovaly r\u016fzn\u00e9 po\u017eadavky.<\/li><\/ul>\n\n<h2 class=\"wp-block-heading\" id='gesellschaftliche-verantwortung-und-standortentwicklung'>Soci\u00e1ln\u00ed odpov\u011bdnost a rozvoj lokality<\/h2>\n\n<h3 class=\"wp-block-heading\" id='integration-in-die-nachbarschaft'>Integrace do sousedstv\u00ed<\/h3>\n\n<p>Zapojen\u00ed komunity je kl\u00ed\u010dov\u00fdm aspektem udr\u017eiteln\u00fdch komer\u010dn\u00edch budov. Participativn\u00ed pl\u00e1novac\u00ed procesy pom\u00e1haj\u00ed identifikovat a realizovat pot\u0159eby sousedstv\u00ed.<\/p>\n\n<ul class=\"wp-block-list\"><li>Interakci s okol\u00edm lze podpo\u0159it prost\u0159ednictv\u00edm komunitn\u00edch projekt\u016f.<\/li><li>Soci\u00e1ln\u00ed a ekonomick\u00e9 dopady nov\u00e9 komer\u010dn\u00ed budovy je t\u0159eba vz\u00edt v \u00favahu ji\u017e ve f\u00e1zi pl\u00e1nov\u00e1n\u00ed.<\/li><\/ul>\n\n<h3 class=\"wp-block-heading\" id='langfristige-wartung-und-betriebsmodelle'>Dlouhodob\u00e9 modely \u00fadr\u017eby a provozu<\/h3>\n\n<p>Udr\u017eiteln\u00e1 komer\u010dn\u00ed v\u00fdstavba vy\u017eaduje efektivn\u00ed \u0159\u00edzen\u00ed \u017eivotn\u00edho cyklu. Pravideln\u00e1 \u00fadr\u017eba a funk\u010dn\u00ed provozn\u00ed \u0159\u00edzen\u00ed jsou nezbytn\u00e9 pro zaji\u0161t\u011bn\u00ed dlouh\u00e9 \u017eivotnosti budov.<\/p>\n\n<ul class=\"wp-block-list\"><li>Udr\u017eiteln\u00e9 hospoda\u0159en\u00ed zaji\u0161\u0165uje lep\u0161\u00ed zachov\u00e1n\u00ed p\u016fvodn\u00edch standard\u016f.<\/li><li>Transparentn\u00ed komunikace ohledn\u011b bilance CO\u2082 a vyu\u017e\u00edv\u00e1n\u00ed zdroj\u016f vytv\u00e1\u0159\u00ed d\u016fv\u011bru mezi u\u017eivateli.<\/li><\/ul>\n\n<p>Kombinace t\u011bchto p\u0159\u00edstup\u016f umo\u017e\u0148uje navrhovat komer\u010dn\u00ed budovy udr\u017eiteln\u00fdm zp\u016fsobem a v\u00fdrazn\u011b sni\u017eovat ekologickou stopu stavebnictv\u00ed. V\u00edce informac\u00ed o udr\u017eiteln\u00e9 v\u00fdstavb\u011b naleznete na <a href=\"https:\/\/bau.net\/text\/250103-nachhaltige-wohnkonzepte-klimafreundliches-bauen?utm_source=openai\" target=\"_blank\" rel=\"noopener\">BauNet<\/a> nebo jin\u00e9 d\u016fv\u011bryhodn\u00e9 zdroje.<\/p>\n\n<p>Zavolejte n\u00e1m je\u0161t\u011b dnes: +49 151 688 460 60 a zajist\u011bte si bezplatnou konzultaci!<\/p>\n\n<p>Allfixpro GmbH \u00b7 V\u00e1\u0161 partner pro sofistikovan\u00e9 interi\u00e9rov\u00e9 vybaven\u00ed.<\/p>","protected":false},"excerpt":{"rendered":"<p>10 Nachhaltige Ans\u00e4tze f\u00fcr Gewerbebauten der Zukunft In der heutigen Zeit spielt die Entwicklung zukunftsf\u00e4higer Gewerbebauten eine zentrale Rolle. Nachhaltigkeit<\/p>","protected":false},"author":1,"featured_media":596,"comment_status":"open","ping_status":"open","sticky":false,"template":"","format":"standard","meta":{"footnotes":""},"categories":[1],"tags":[90,89,92,91,93],"class_list":["post-593","post","type-post","status-publish","format-standard","has-post-thumbnail","hentry","category-industrie_sanierung","tag-gewerbebauten","tag-nachhaltigkeit","tag-okologische-fusabdruck","tag-ressourcenschonung","tag-zukunftsfahige-entwicklung"],"_links":{"self":[{"href":"https:\/\/allfixpro.de\/cs\/wp-json\/wp\/v2\/posts\/593","targetHints":{"allow":["GET"]}}],"collection":[{"href":"https:\/\/allfixpro.de\/cs\/wp-json\/wp\/v2\/posts"}],"about":[{"href":"https:\/\/allfixpro.de\/cs\/wp-json\/wp\/v2\/types\/post"}],"author":[{"embeddable":true,"href":"https:\/\/allfixpro.de\/cs\/wp-json\/wp\/v2\/users\/1"}],"replies":[{"embeddable":true,"href":"https:\/\/allfixpro.de\/cs\/wp-json\/wp\/v2\/comments?post=593"}],"version-history":[{"count":1,"href":"https:\/\/allfixpro.de\/cs\/wp-json\/wp\/v2\/posts\/593\/revisions"}],"predecessor-version":[{"id":594,"href":"https:\/\/allfixpro.de\/cs\/wp-json\/wp\/v2\/posts\/593\/revisions\/594"}],"wp:featuredmedia":[{"embeddable":true,"href":"https:\/\/allfixpro.de\/cs\/wp-json\/wp\/v2\/media\/596"}],"wp:attachment":[{"href":"https:\/\/allfixpro.de\/cs\/wp-json\/wp\/v2\/media?parent=593"}],"wp:term":[{"taxonomy":"category","embeddable":true,"href":"https:\/\/allfixpro.de\/cs\/wp-json\/wp\/v2\/categories?post=593"},{"taxonomy":"post_tag","embeddable":true,"href":"https:\/\/allfixpro.de\/cs\/wp-json\/wp\/v2\/tags?post=593"}],"curies":[{"name":"wp","href":"https:\/\/api.w.org\/{rel}","templated":true}]}}