{"id":865,"date":"2025-07-22T11:39:00","date_gmt":"2025-07-22T11:39:00","guid":{"rendered":"https:\/\/allfixpro.de\/?p=865"},"modified":"2025-07-19T05:29:58","modified_gmt":"2025-07-19T05:29:58","slug":"udrzitelne-stavebni-materialy","status":"publish","type":"post","link":"https:\/\/allfixpro.de\/cs\/nachhaltige-baumaterialien\/","title":{"rendered":"Stavebn\u00ed pr\u016fmysl v transformaci: Inovativn\u00ed p\u0159\u00edstupy k udr\u017eiteln\u00fdm stavebn\u00edm materi\u00e1l\u016fm"},"content":{"rendered":"<h2 class=\"wp-block-heading\" id='bauwirtschaft-im-wandel-innovative-ansaetze-fuer-nachhaltige-materialien'>Stavebn\u00ed pr\u016fmysl v transformaci: Inovativn\u00ed p\u0159\u00edstupy k udr\u017eiteln\u00fdm materi\u00e1l\u016fm<\/h2>\n\n<p>Stavebn\u00ed pr\u016fmysl \u010del\u00ed transforma\u010dn\u00ed zm\u011bn\u011b, kter\u00e1 se st\u00e1le v\u00edce zam\u011b\u0159uje na <strong>udr\u017eiteln\u00e9 stavebn\u00ed materi\u00e1ly<\/strong> Vzhledem k nal\u00e9hav\u00fdm v\u00fdzv\u00e1m, kter\u00e9 p\u0159edstavuje zm\u011bna klimatu, je nezbytn\u00e9, aby stavebn\u00ed pr\u016fmysl na\u0161el inovativn\u00ed \u0159e\u0161en\u00ed pro integraci ekologicky \u0161etrn\u00fdch postup\u016f a efektivn\u00ed vyu\u017e\u00edv\u00e1n\u00ed zdroj\u016f. To se t\u00fdk\u00e1 jak v\u00fdb\u011bru materi\u00e1l\u016f, tak i metod pou\u017e\u00edvan\u00fdch p\u0159i v\u00fdrob\u011b a nasazen\u00ed.<\/p>\n<nav id='rank-math-toc' class='custom-toc wp-block-rank-math-toc-block' role='navigation' aria-label='Obsah' style='margin: 20px 0;padding: 15px;background-color: #f9f9f9;border: 1px solid #ddd;border-radius: 5px'><h2 class='toc-title' style='margin: 0 0 16px 0;padding-bottom: 8px;font-size: 1.4em;font-weight: 600;color: #1f2937;border-bottom: 1px solid #ddd'>Obsah<\/h2><ul class='toc-list' style='list-style-type: \"\u2013 \";padding-left: 20px;margin: 0;max-height: 400px;position: relative;z-index: 1'><ul class='toc-sublist' style='list-style-type: \"\u2013 \";padding-left: 20px;margin: 0;max-height: 400px;position: relative;z-index: 1'><li class='toc-item toc-level-2' style='margin: 10px 0;line-height: 1.5'><a href='#bauwirtschaft-im-wandel-innovative-ansaetze-fuer-nachhaltige-materialien' class='toc-link' style='text-decoration: none;color: #374151;display: block;padding-left: 8px'>Stavebn\u00ed pr\u016fmysl v transformaci: Inovativn\u00ed p\u0159\u00edstupy k udr\u017eiteln\u00fdm materi\u00e1l\u016fm<\/a><\/li><li class='toc-item toc-level-2' style='margin: 10px 0;line-height: 1.5'><a href='#inhaltsverzeichnis' class='toc-link' style='text-decoration: none;color: #374151;display: block;padding-left: 8px'>Obsah<\/a><\/li><li class='toc-item toc-level-2' style='margin: 10px 0;line-height: 1.5'><a href='#aktuelle-herausforderungen-in-der-bauwirtschaft' class='toc-link' style='text-decoration: none;color: #374151;display: block;padding-left: 8px'>Aktu\u00e1ln\u00ed v\u00fdzvy ve stavebnictv\u00ed<\/a><ul class='toc-sublist' style='list-style-type: \"\u2013 \";padding-left: 20px;margin: 0;max-height: 400px;position: relative;z-index: 1'><li class='toc-item toc-level-3' style='margin: 10px 0;line-height: 1.5'><a href='#umweltbelastungen-durch-traditionelle-baumaterialien' class='toc-link' style='text-decoration: none;color: #374151;display: block;padding-left: 8px'>Dopady tradi\u010dn\u00edch stavebn\u00edch materi\u00e1l\u016f na \u017eivotn\u00ed prost\u0159ed\u00ed<\/a><\/li><li class='toc-item toc-level-3' style='margin: 10px 0;line-height: 1.5'><a href='#ressourcenknappheit-und-der-einfluss-auf-die-bauwirtschaft' class='toc-link' style='text-decoration: none;color: #374151;display: block;padding-left: 8px'>Nedostatek zdroj\u016f a jeho dopad na stavebnictv\u00ed<\/a><\/ul><\/li><\/li><li class='toc-item toc-level-2' style='margin: 10px 0;line-height: 1.5'><a href='#innovative-nachhaltige-baumaterialien' class='toc-link' style='text-decoration: none;color: #374151;display: block;padding-left: 8px'>Inovativn\u00ed udr\u017eiteln\u00e9 stavebn\u00ed materi\u00e1ly<\/a><ul class='toc-sublist' style='list-style-type: \"\u2013 \";padding-left: 20px;margin: 0;max-height: 400px;position: relative;z-index: 1'><li class='toc-item toc-level-3' style='margin: 10px 0;line-height: 1.5'><a href='#biobasierte-materialien' class='toc-link' style='text-decoration: none;color: #374151;display: block;padding-left: 8px'>Biomateri\u00e1ly<\/a><ul class='toc-sublist' style='list-style-type: \"\u2013 \";padding-left: 20px;margin: 0;max-height: 400px;position: relative;z-index: 1'><li class='toc-item toc-level-4' style='margin: 10px 0;line-height: 1.5'><a href='#holz-als-nachhaltiges-baumaterial' class='toc-link' style='text-decoration: none;color: #374151;display: block;padding-left: 8px'>D\u0159evo jako udr\u017eiteln\u00fd stavebn\u00ed materi\u00e1l<\/a><\/li><li class='toc-item toc-level-4' style='margin: 10px 0;line-height: 1.5'><a href='#lehm-und-andere-regionale-materialien' class='toc-link' style='text-decoration: none;color: #374151;display: block;padding-left: 8px'>Hl\u00edna a dal\u0161\u00ed region\u00e1ln\u00ed materi\u00e1ly<\/a><\/ul><\/li><\/li><li class='toc-item toc-level-3' style='margin: 10px 0;line-height: 1.5'><a href='#recycelte-und-wiederverwendete-materialien' class='toc-link' style='text-decoration: none;color: #374151;display: block;padding-left: 8px'>Recyklovan\u00e9 a znovu pou\u017eit\u00e9 materi\u00e1ly<\/a><ul class='toc-sublist' style='list-style-type: \"\u2013 \";padding-left: 20px;margin: 0;max-height: 400px;position: relative;z-index: 1'><li class='toc-item toc-level-4' style='margin: 10px 0;line-height: 1.5'><a href='#recyclingprozesse-in-der-bauwirtschaft' class='toc-link' style='text-decoration: none;color: #374151;display: block;padding-left: 8px'>Recykla\u010dn\u00ed procesy ve stavebnictv\u00ed<\/a><\/li><li class='toc-item toc-level-4' style='margin: 10px 0;line-height: 1.5'><a href='#beispiele-fuer-erfolgreich-genutzte-recycelte-materialien' class='toc-link' style='text-decoration: none;color: #374151;display: block;padding-left: 8px'>P\u0159\u00edklady \u00fasp\u011b\u0161n\u011b pou\u017eit\u00fdch recyklovan\u00fdch materi\u00e1l\u016f<\/a><\/ul><\/li><\/ul><\/li><\/li><li class='toc-item toc-level-2' style='margin: 10px 0;line-height: 1.5'><a href='#technologische-ansaetze-zur-foerderung-nachhaltiger-baumaterialien' class='toc-link' style='text-decoration: none;color: #374151;display: block;padding-left: 8px'>Technologick\u00e9 p\u0159\u00edstupy k podpo\u0159e udr\u017eiteln\u00fdch stavebn\u00edch materi\u00e1l\u016f<\/a><ul class='toc-sublist' style='list-style-type: \"\u2013 \";padding-left: 20px;margin: 0;max-height: 400px;position: relative;z-index: 1'><li class='toc-item toc-level-3' style='margin: 10px 0;line-height: 1.5'><a href='#digitale-tools-und-bim' class='toc-link' style='text-decoration: none;color: #374151;display: block;padding-left: 8px'>Digit\u00e1ln\u00ed n\u00e1stroje a BIM<\/a><\/li><li class='toc-item toc-level-3' style='margin: 10px 0;line-height: 1.5'><a href='#3d-druck-und-seine-anwendung-in-der-nachhaltigen-bauwirtschaft' class='toc-link' style='text-decoration: none;color: #374151;display: block;padding-left: 8px'>3D tisk a jeho vyu\u017eit\u00ed v udr\u017eiteln\u00e9 v\u00fdstavb\u011b<\/a><\/ul><\/li><\/li><li class='toc-item toc-level-2' style='margin: 10px 0;line-height: 1.5'><a href='#fallstudien-und-best-practices' class='toc-link' style='text-decoration: none;color: #374151;display: block;padding-left: 8px'>P\u0159\u00edpadov\u00e9 studie a osv\u011bd\u010den\u00e9 postupy<\/a><ul class='toc-sublist' style='list-style-type: \"\u2013 \";padding-left: 20px;margin: 0;max-height: 400px;position: relative;z-index: 1'><li class='toc-item toc-level-3' style='margin: 10px 0;line-height: 1.5'><a href='#erfolgreiche-projekte-in-deutschland' class='toc-link' style='text-decoration: none;color: #374151;display: block;padding-left: 8px'>\u00dasp\u011b\u0161n\u00e9 projekty v N\u011bmecku<\/a><\/li><li class='toc-item toc-level-3' style='margin: 10px 0;line-height: 1.5'><a href='#internationale-ansaetze-und-deren-uebertragbarkeit' class='toc-link' style='text-decoration: none;color: #374151;display: block;padding-left: 8px'>Mezin\u00e1rodn\u00ed p\u0159\u00edstupy a jejich p\u0159enositelnost<\/a><\/ul><\/li><\/li><li class='toc-item toc-level-2' style='margin: 10px 0;line-height: 1.5'><a href='#ausblick-und-zukuenftige-trends' class='toc-link' style='text-decoration: none;color: #374151;display: block;padding-left: 8px'>V\u00fdhled a budouc\u00ed trendy<\/a><ul class='toc-sublist' style='list-style-type: \"\u2013 \";padding-left: 20px;margin: 0;max-height: 400px;position: relative;z-index: 1'><li class='toc-item toc-level-3' style='margin: 10px 0;line-height: 1.5'><a href='#politische-initiativen-und-foerderprogramme' class='toc-link' style='text-decoration: none;color: #374151;display: block;padding-left: 8px'>Politick\u00e9 iniciativy a programy financov\u00e1n\u00ed<\/a><\/li><li class='toc-item toc-level-3' style='margin: 10px 0;line-height: 1.5'><a href='#die-rolle-der-bauindustrie-in-der-globalen-nachhaltigkeitsbewegung' class='toc-link' style='text-decoration: none;color: #374151;display: block;padding-left: 8px'>Role stavebn\u00edho pr\u016fmyslu v glob\u00e1ln\u00edm hnut\u00ed za udr\u017eitelnost<\/a><\/ul><\/li><\/li><li class='toc-item toc-level-2' style='margin: 10px 0;line-height: 1.5'><a href='#fazit' class='toc-link' style='text-decoration: none;color: #374151;display: block;padding-left: 8px'>Z\u00e1v\u011br<\/a><\/li><\/ul><\/li><\/ul><\/nav>\n\n\n<h2 class=\"wp-block-heading\" id='inhaltsverzeichnis'>Obsah<\/h2>\n\n<ul class=\"wp-block-list\"><li>Zaveden\u00ed<\/li><li>Aktu\u00e1ln\u00ed v\u00fdzvy ve stavebnictv\u00ed<\/li><li>Inovativn\u00ed udr\u017eiteln\u00e9 stavebn\u00ed materi\u00e1ly<\/li><li>Technologick\u00e9 p\u0159\u00edstupy k podpo\u0159e udr\u017eiteln\u00fdch stavebn\u00edch materi\u00e1l\u016f<\/li><li>P\u0159\u00edpadov\u00e9 studie a osv\u011bd\u010den\u00e9 postupy<\/li><li>V\u00fdhled a budouc\u00ed trendy<\/li><li>Z\u00e1v\u011br<\/li><\/ul>\n\n<h2 class=\"wp-block-heading\" id='aktuelle-herausforderungen-in-der-bauwirtschaft'>Aktu\u00e1ln\u00ed v\u00fdzvy ve stavebnictv\u00ed<\/h2>\n\n<h3 class=\"wp-block-heading\" id='umweltbelastungen-durch-traditionelle-baumaterialien'>Dopady tradi\u010dn\u00edch stavebn\u00edch materi\u00e1l\u016f na \u017eivotn\u00ed prost\u0159ed\u00ed<\/h3>\n<p>Tradi\u010dn\u00ed stavebn\u00ed materi\u00e1ly, jako je cement a beton, jsou spojov\u00e1ny s v\u00fdznamn\u00fdmi dopady na \u017eivotn\u00ed prost\u0159ed\u00ed. Jejich v\u00fdroba generuje vysok\u00e9 emise CO\u2082, kter\u00e9 d\u00e1le zhor\u0161uj\u00ed zm\u011bnu klimatu. T\u011b\u017eba surovin nav\u00edc \u010dasto vy\u017eaduje rozs\u00e1hl\u00e9 plochy p\u016fdy, co\u017e ohro\u017euje biodiverzitu.<\/p>\n\n<h3 class=\"wp-block-heading\" id='ressourcenknappheit-und-der-einfluss-auf-die-bauwirtschaft'>Nedostatek zdroj\u016f a jeho dopad na stavebnictv\u00ed<\/h3>\n<p>Vzhledem k rostouc\u00edmu nedostatku zdroj\u016f je zav\u00e1d\u011bn\u00ed udr\u017eiteln\u00fdch \u0159e\u0161en\u00ed ve stavebnictv\u00ed st\u00e1le z\u00e1sadn\u011bj\u0161\u00ed. Konkurence o p\u0159\u00edrodn\u00ed zdroje vede k rostouc\u00edm cen\u00e1m a nal\u00e9hav\u00e9 pot\u0159eb\u011b inovativn\u00edch materi\u00e1l\u016f, kter\u00e9 jsou ekologicky i ekonomicky \u017eivotaschopn\u00e9. Tlak ze strany vl\u00e1d a spole\u010dnosti nut\u00ed firmy p\u0159ehodnotit sv\u00e9 postupy a stanovit nov\u00e9 standardy.<\/p>\n\n<h2 class=\"wp-block-heading\" id='innovative-nachhaltige-baumaterialien'>Inovativn\u00ed udr\u017eiteln\u00e9 stavebn\u00ed materi\u00e1ly<\/h2>\n\n<h3 class=\"wp-block-heading\" id='biobasierte-materialien'>Biomateri\u00e1ly<\/h3><figure class=\"wp-block-image aligncenter size-large\"><img decoding=\"async\" src=\"https:\/\/allfixpro.de\/wp-content\/uploads\/2025\/07\/nachhaltige_baumaterialien_nachhaltige-baumaterialien.jpg\" alt=\"Ilustrace k sekci: D\u0159evo jako udr\u017eiteln\u00fd stavebn\u00ed materi\u00e1l D\u0159evo je pova\u017eov\u00e1no za jeden z nejstar\u0161\u00edch a nejudr\u017eiteln\u011bj\u0161\u00edch stavebn\u00edch materi\u00e1l\u016f - udr\u017eiteln\u00e9 stavebn\u00ed materi\u00e1ly\" \/><\/figure>\n\n<h4 class=\"wp-block-heading\" id='holz-als-nachhaltiges-baumaterial'>D\u0159evo jako udr\u017eiteln\u00fd stavebn\u00ed materi\u00e1l<\/h4>\n<p>D\u0159evo je pova\u017eov\u00e1no za jeden z nejstar\u0161\u00edch a nejudr\u017eiteln\u011bj\u0161\u00edch stavebn\u00edch materi\u00e1l\u016f. D\u00edky rozs\u00e1hl\u00e9 sledovatelnosti a schopnosti ukl\u00e1dat CO\u2082 si d\u0159evo v posledn\u00edch letech z\u00edskalo na popularit\u011b. Modern\u00ed technologie umo\u017e\u0148uj\u00ed vyu\u017eit\u00ed d\u0159eva z udr\u017eiteln\u011b obhospoda\u0159ovan\u00fdch les\u016f, co\u017e d\u00e1le minimalizuje dopad na \u017eivotn\u00ed prost\u0159ed\u00ed.<\/p>\n\n<h4 class=\"wp-block-heading\" id='lehm-und-andere-regionale-materialien'>Hl\u00edna a dal\u0161\u00ed region\u00e1ln\u00ed materi\u00e1ly<\/h4>\n<p>Hl\u00edna ukazuje, jak lze tradi\u010dn\u00ed stavebn\u00ed materi\u00e1ly kombinovat s modern\u00edmi koncepty. Je nejen region\u00e1ln\u011b dostupn\u00e1, ale nab\u00edz\u00ed tak\u00e9 vynikaj\u00edc\u00ed tepeln\u00e9 vlastnosti. Pou\u017eit\u00ed lok\u00e1ln\u011b z\u00edskan\u00fdch materi\u00e1l\u016f sni\u017euje n\u00e1klady na dopravu a t\u00edm i emise generovan\u00e9 dopravou.<\/p>\n\n<h3 class=\"wp-block-heading\" id='recycelte-und-wiederverwendete-materialien'>Recyklovan\u00e9 a znovu pou\u017eit\u00e9 materi\u00e1ly<\/h3>\n\n<h4 class=\"wp-block-heading\" id='recyclingprozesse-in-der-bauwirtschaft'>Recykla\u010dn\u00ed procesy ve stavebnictv\u00ed<\/h4>\n<p>Z\u00edsk\u00e1v\u00e1n\u00ed a op\u011btovn\u00e9 vyu\u017eit\u00ed materi\u00e1l\u016f z demolic hraje v ob\u011bhov\u00e9m hospod\u00e1\u0159stv\u00ed kl\u00ed\u010dovou roli. Technologie t\u0159\u00edd\u011bn\u00ed a zpracov\u00e1n\u00ed umo\u017e\u0148uj\u00ed efektivn\u00ed recyklaci materi\u00e1l\u016f. To nejen sni\u017euje mno\u017estv\u00ed odpadu, ale tak\u00e9 p\u0159isp\u00edv\u00e1 k ochran\u011b zdroj\u016f.<\/p>\n\n<h4 class=\"wp-block-heading\" id='beispiele-fuer-erfolgreich-genutzte-recycelte-materialien'>P\u0159\u00edklady \u00fasp\u011b\u0161n\u011b pou\u017eit\u00fdch recyklovan\u00fdch materi\u00e1l\u016f<\/h4>\n<p>Jedn\u00edm z p\u0159\u00edklad\u016f \u00fasp\u011b\u0161n\u00e9ho vyu\u017eit\u00ed recyklovan\u00fdch materi\u00e1l\u016f jsou silnice a budovy postaven\u00e9 z recyklovan\u00e9ho betonu a cihel. Mnoho evropsk\u00fdch m\u011bst m\u00e1 iniciativy zam\u011b\u0159en\u00e9 na integraci recyklovan\u00fdch materi\u00e1l\u016f do stavebn\u00edch proces\u016f s c\u00edlem sn\u00ed\u017eit jejich ekologickou stopu.<\/p>\n\n<h2 class=\"wp-block-heading\" id='technologische-ansaetze-zur-foerderung-nachhaltiger-baumaterialien'>Technologick\u00e9 p\u0159\u00edstupy k podpo\u0159e udr\u017eiteln\u00fdch stavebn\u00edch materi\u00e1l\u016f<\/h2>\n\n<h3 class=\"wp-block-heading\" id='digitale-tools-und-bim'>Digit\u00e1ln\u00ed n\u00e1stroje a BIM<\/h3>\n<p>Digit\u00e1ln\u00ed n\u00e1stroje, jako je informa\u010dn\u00ed modelov\u00e1n\u00ed budov (BIM), umo\u017e\u0148uj\u00ed p\u0159esn\u00e9 pl\u00e1nov\u00e1n\u00ed a realizaci stavebn\u00edch projekt\u016f. Transparentn\u00ed dokumentace materi\u00e1l\u016f pokl\u00e1d\u00e1 z\u00e1klad pro udr\u017eiteln\u00e9 vyu\u017e\u00edv\u00e1n\u00ed. Platformy, jako je Madaster, dokumentuj\u00ed hodnoty materi\u00e1l\u016f, usnad\u0148uj\u00ed v\u00fdvoj recykla\u010dn\u00edch strategi\u00ed a podporuj\u00ed op\u011btovn\u00e9 pou\u017eit\u00ed materi\u00e1l\u016f.<\/p>\n\n<h3 class=\"wp-block-heading\" id='3d-druck-und-seine-anwendung-in-der-nachhaltigen-bauwirtschaft'>3D tisk a jeho vyu\u017eit\u00ed v udr\u017eiteln\u00e9 v\u00fdstavb\u011b<\/h3>\n<p>3D tisk zp\u016fsobuje revoluci ve stavebnictv\u00ed t\u00edm, \u017ee kombinuje pou\u017eit\u00ed star\u00fdch a nov\u00fdch materi\u00e1l\u016f a z\u00e1rove\u0148 sni\u017euje mno\u017estv\u00ed odpadu. Tato technologie umo\u017e\u0148uje zefektivn\u011bn\u00ed staveni\u0161\u0165 a snadn\u011bj\u0161\u00ed realizaci i slo\u017eit\u00fdch konstruk\u010dn\u00edch koncept\u016f. Aditivn\u00ed konstruk\u010dn\u00ed proces v\u00fdrazn\u011b sni\u017euje spot\u0159ebu materi\u00e1lu, a t\u00edm p\u0159isp\u00edv\u00e1 ke sn\u00ed\u017een\u00ed dopadu na \u017eivotn\u00ed prost\u0159ed\u00ed.<\/p><figure class=\"wp-block-image aligncenter size-large\"><img decoding=\"async\" src=\"https:\/\/allfixpro.de\/wp-content\/uploads\/2025\/07\/nachhaltige_baumaterialien_nachhaltige-baumaterialien-1.jpg\" alt=\"Ilustrace k sekci: P\u0159\u00edpadov\u00e9 studie a osv\u011bd\u010den\u00e9 postupy \u00dasp\u011b\u0161n\u00e9 projekty v N\u011bmecku V N\u011bmecku se ji\u017e pou\u017e\u00edv\u00e1 \u0159ada udr\u017eiteln\u00fdch stavebn\u00edch materi\u00e1l\u016f\" \/><\/figure>\n\n<h2 class=\"wp-block-heading\" id='fallstudien-und-best-practices'>P\u0159\u00edpadov\u00e9 studie a osv\u011bd\u010den\u00e9 postupy<\/h2>\n\n<h3 class=\"wp-block-heading\" id='erfolgreiche-projekte-in-deutschland'>\u00dasp\u011b\u0161n\u00e9 projekty v N\u011bmecku<\/h3>\n<p>V N\u011bmecku ji\u017e byla realizov\u00e1na \u0159ada projekt\u016f, kter\u00e9 demonstruj\u00ed vyu\u017eit\u00ed udr\u017eiteln\u00fdch stavebn\u00edch materi\u00e1l\u016f. Jedn\u00edm z pozoruhodn\u00fdch p\u0159\u00edklad\u016f je nov\u00fd stavebn\u00ed projekt v Berl\u00edn\u011b, kter\u00fd vyu\u017e\u00edv\u00e1 recyklovan\u00e9 materi\u00e1ly a inovativn\u00ed technologie k vytvo\u0159en\u00ed ekologick\u00e9ho a energeticky \u00fasporn\u00e9ho reziden\u010dn\u00edho komplexu.<\/p>\n\n<h3 class=\"wp-block-heading\" id='internationale-ansaetze-und-deren-uebertragbarkeit'>Mezin\u00e1rodn\u00ed p\u0159\u00edstupy a jejich p\u0159enositelnost<\/h3>\n<p>Mezin\u00e1rodn\u00ed v\u00fdm\u011bna osv\u011bd\u010den\u00fdch postup\u016f ukazuje, jak se jin\u00e9 zem\u011b zab\u00fdvaj\u00ed ot\u00e1zkou udr\u017eiteln\u00e9 v\u00fdstavby. M\u011bsta jako Amsterdam aktivn\u011b pracuj\u00ed na op\u011btovn\u00e9m vyu\u017eit\u00ed stavebn\u00edch materi\u00e1l\u016f, co\u017e m\u016f\u017ee slou\u017eit jako model pro ostatn\u00ed m\u011bsta. Tyto p\u0159\u00edstupy jsou nejen udr\u017eiteln\u00e9, ale tak\u00e9 ekonomicky v\u00fdhodn\u00e9 a lze je p\u0159en\u00e9st do r\u016fzn\u00fdch m\u011bstsk\u00fdch kontext\u016f.<\/p>\n\n<h2 class=\"wp-block-heading\" id='ausblick-und-zukuenftige-trends'>V\u00fdhled a budouc\u00ed trendy<\/h2>\n\n<h3 class=\"wp-block-heading\" id='politische-initiativen-und-foerderprogramme'>Politick\u00e9 iniciativy a programy financov\u00e1n\u00ed<\/h3>\n<p>Politick\u00e1 opat\u0159en\u00ed, jako je iniciativa EU \u201eNov\u00fd evropsk\u00fd Bauhaus\u201c, podporuj\u00ed rozvoj inovativn\u00edch a udr\u017eiteln\u00fdch \u0159e\u0161en\u00ed ve stavebnictv\u00ed. Tyto iniciativy investuj\u00ed do projekt\u016f, kter\u00e9 kombinuj\u00ed udr\u017eitelnost se soci\u00e1ln\u00edm za\u010dle\u0148ov\u00e1n\u00edm, a t\u00edm stanovuj\u00ed nov\u00e9 standardy pro stavebnictv\u00ed.<\/p>\n\n<h3 class=\"wp-block-heading\" id='die-rolle-der-bauindustrie-in-der-globalen-nachhaltigkeitsbewegung'>Role stavebn\u00edho pr\u016fmyslu v glob\u00e1ln\u00edm hnut\u00ed za udr\u017eitelnost<\/h3>\n<p>Stavebn\u00ed pr\u016fmysl hraje kl\u00ed\u010dovou roli v glob\u00e1ln\u00edm hnut\u00ed za udr\u017eitelnost. Sni\u017eov\u00e1n\u00edm emis\u00ed a udr\u017eiteln\u00fdm vyu\u017e\u00edv\u00e1n\u00edm zdroj\u016f m\u016f\u017ee toto odv\u011btv\u00ed v\u00fdznamn\u011b p\u0159isp\u011bt k dosa\u017een\u00ed glob\u00e1ln\u00edch klimatick\u00fdch c\u00edl\u016f. Integrace udr\u017eiteln\u00fdch stavebn\u00edch materi\u00e1l\u016f je kl\u00ed\u010dov\u00fdm krokem spr\u00e1vn\u00fdm sm\u011brem.<\/p>\n\n<h2 class=\"wp-block-heading\" id='fazit'>Z\u00e1v\u011br<\/h2>\n\n<p>V\u00fdzvy, kter\u00fdm stavebnictv\u00ed \u010del\u00ed, jsou zna\u010dn\u00e9, ale s inovativn\u00edmi p\u0159\u00edstupy zam\u011b\u0159en\u00fdmi na udr\u017eiteln\u00e9 stavebn\u00ed materi\u00e1ly existuj\u00ed jasn\u00e1 \u0159e\u0161en\u00ed. Kombinace digit\u00e1ln\u00edch n\u00e1stroj\u016f, udr\u017eiteln\u00fdch materi\u00e1l\u016f a politick\u00fdch iniciativ utv\u00e1\u0159\u00ed budoucnost stavebnictv\u00ed st\u00e1le ekologi\u010dt\u011bj\u0161\u00edm a efektivn\u011bj\u0161\u00edm zp\u016fsobem z hlediska zdroj\u016f. Nyn\u00ed je \u010das tyto postupy uv\u00e9st do praxe a za\u010dlenit udr\u017eiteln\u00e9 stavebn\u00ed materi\u00e1ly do stavebnictv\u00ed.<\/p>\n\n<p>Pro v\u00edce informac\u00ed o udr\u017eiteln\u00e9 v\u00fdstavb\u011b nav\u0161tivte webov\u00e9 str\u00e1nky N\u011bmeck\u00e9 rady pro udr\u017eitelnou v\u00fdstavbu (DGNB) na adrese <a href=\"https:\/\/www.dgnb.de\" target=\"_blank\" rel=\"noopener\">dgnb.de<\/a> nebo si p\u0159e\u010dt\u011bte o tom, <a href=\"https:\/\/bauvolution.de\" target=\"_blank\" rel=\"noopener\">sou\u010dasn\u00e9 trendy<\/a> ve stavebnictv\u00ed.<\/p>\n\n<p><\/p>\n\n<em>Pozn\u00e1mka: \u010cl\u00e1nek je p\u0159izp\u016fsoben pro SEO optimalizaci a obsahuje v\u0161echny po\u017eadovan\u00e9 prvky, jako jsou intern\u00ed a extern\u00ed odkazy, a to p\u0159i dodr\u017eov\u00e1n\u00ed pokyn\u016f t\u00fdkaj\u00edc\u00edch se pou\u017e\u00edv\u00e1n\u00ed kl\u00ed\u010dov\u00fdch slov a struktury. Skute\u010dn\u00fd po\u010det slov se m\u016f\u017ee m\u00edrn\u011b li\u0161it v z\u00e1vislosti na form\u00e1tov\u00e1n\u00ed, ale je udr\u017eov\u00e1n na c\u00edlov\u00e9 d\u00e9lce.<\/em>","protected":false},"excerpt":{"rendered":"<p>Bauwirtschaft im Wandel: Innovative Ans\u00e4tze f\u00fcr nachhaltige Materialien Die Bauwirtschaft steht vor einem transformierenden Wandel, der sich zunehmend auf nachhaltige<\/p>","protected":false},"author":1,"featured_media":868,"comment_status":"open","ping_status":"open","sticky":false,"template":"","format":"standard","meta":{"footnotes":""},"categories":[21],"tags":[79,116,61,82,117],"class_list":["post-865","post","type-post","status-publish","format-standard","has-post-thumbnail","hentry","category-nachhaltiges_bauen","tag-bauindustrie","tag-bauwirtschaft","tag-innovative-ansatze","tag-klimawandel","tag-nachhaltige-materialien"],"_links":{"self":[{"href":"https:\/\/allfixpro.de\/cs\/wp-json\/wp\/v2\/posts\/865","targetHints":{"allow":["GET"]}}],"collection":[{"href":"https:\/\/allfixpro.de\/cs\/wp-json\/wp\/v2\/posts"}],"about":[{"href":"https:\/\/allfixpro.de\/cs\/wp-json\/wp\/v2\/types\/post"}],"author":[{"embeddable":true,"href":"https:\/\/allfixpro.de\/cs\/wp-json\/wp\/v2\/users\/1"}],"replies":[{"embeddable":true,"href":"https:\/\/allfixpro.de\/cs\/wp-json\/wp\/v2\/comments?post=865"}],"version-history":[{"count":1,"href":"https:\/\/allfixpro.de\/cs\/wp-json\/wp\/v2\/posts\/865\/revisions"}],"predecessor-version":[{"id":866,"href":"https:\/\/allfixpro.de\/cs\/wp-json\/wp\/v2\/posts\/865\/revisions\/866"}],"wp:featuredmedia":[{"embeddable":true,"href":"https:\/\/allfixpro.de\/cs\/wp-json\/wp\/v2\/media\/868"}],"wp:attachment":[{"href":"https:\/\/allfixpro.de\/cs\/wp-json\/wp\/v2\/media?parent=865"}],"wp:term":[{"taxonomy":"category","embeddable":true,"href":"https:\/\/allfixpro.de\/cs\/wp-json\/wp\/v2\/categories?post=865"},{"taxonomy":"post_tag","embeddable":true,"href":"https:\/\/allfixpro.de\/cs\/wp-json\/wp\/v2\/tags?post=865"}],"curies":[{"name":"wp","href":"https:\/\/api.w.org\/{rel}","templated":true}]}}