{"id":877,"date":"2025-07-25T22:44:00","date_gmt":"2025-07-25T22:44:00","guid":{"rendered":"https:\/\/allfixpro.de\/?p=877"},"modified":"2025-07-22T15:25:36","modified_gmt":"2025-07-22T15:25:36","slug":"udrzitelne-mestske-projekty","status":"publish","type":"post","link":"https:\/\/allfixpro.de\/cs\/nachhaltige-stadtprojekte\/","title":{"rendered":"Udr\u017eiteln\u00e9 m\u011bstsk\u00e9 projekty: Inovativn\u00ed stavebn\u00ed projekty pro budoucnost v N\u011bmecku"},"content":{"rendered":"<h2 class=\"wp-block-heading\" id='zukunftsorientierte-stadtentwicklung-nachhaltige-bauprojekte-in-deutschland'>Rozvoj m\u011bst orientovan\u00fd na budoucnost: Projekty udr\u017eiteln\u00e9 v\u00fdstavby v N\u011bmecku<\/h2>\n\n<p>Udr\u017eiteln\u00e9 m\u011bstsk\u00e9 projekty nab\u00fdvaj\u00ed v N\u011bmecku st\u00e1le v\u011bt\u0161\u00edho v\u00fdznamu pro \u0159e\u0161en\u00ed v\u00fdzev klimatick\u00fdch zm\u011bn a urbanizace. V dob\u011b, kdy roste popt\u00e1vka po bydlen\u00ed a jsou zapot\u0159eb\u00ed ekologicky udr\u017eiteln\u00e1 \u0159e\u0161en\u00ed, inovativn\u00ed stavebn\u00ed projekty ukazuj\u00ed, jak lze realizovat rozvoj m\u011bst orientovan\u00fd na budoucnost. Integrac\u00ed ekologick\u00fdch, soci\u00e1ln\u00edch a ekonomick\u00fdch aspekt\u016f vznikaj\u00ed obyvateln\u00e9 a odoln\u00e9 m\u011bstsk\u00e9 prostory.<\/p>\n<nav id='rank-math-toc' class='custom-toc wp-block-rank-math-toc-block' role='navigation' aria-label='Obsah' style='margin: 20px 0;padding: 15px;background-color: #f9f9f9;border: 1px solid #ddd;border-radius: 5px'><h2 class='toc-title' style='margin: 0 0 16px 0;padding-bottom: 8px;font-size: 1.4em;font-weight: 600;color: #1f2937;border-bottom: 1px solid #ddd'>Obsah<\/h2><ul class='toc-list' style='list-style-type: \"\u2013 \";padding-left: 20px;margin: 0;max-height: 400px;position: relative;z-index: 1'><ul class='toc-sublist' style='list-style-type: \"\u2013 \";padding-left: 20px;margin: 0;max-height: 400px;position: relative;z-index: 1'><li class='toc-item toc-level-2' style='margin: 10px 0;line-height: 1.5'><a href='#zukunftsorientierte-stadtentwicklung-nachhaltige-bauprojekte-in-deutschland' class='toc-link' style='text-decoration: none;color: #374151;display: block;padding-left: 8px'>Rozvoj m\u011bst orientovan\u00fd na budoucnost: Projekty udr\u017eiteln\u00e9 v\u00fdstavby v N\u011bmecku<\/a><ul class='toc-sublist' style='list-style-type: \"\u2013 \";padding-left: 20px;margin: 0;max-height: 400px;position: relative;z-index: 1'><li class='toc-item toc-level-3' style='margin: 10px 0;line-height: 1.5'><a href='#einleitung' class='toc-link' style='text-decoration: none;color: #374151;display: block;padding-left: 8px'>Zaveden\u00ed<\/a><\/li><li class='toc-item toc-level-3' style='margin: 10px 0;line-height: 1.5'><a href='#ziele-und-visionen-fuer-die-zukunft' class='toc-link' style='text-decoration: none;color: #374151;display: block;padding-left: 8px'>C\u00edle a vize do budoucna<\/a><\/ul><\/li><\/li><li class='toc-item toc-level-2' style='margin: 10px 0;line-height: 1.5'><a href='#prinzipien-des-nachhaltigen-bauens' class='toc-link' style='text-decoration: none;color: #374151;display: block;padding-left: 8px'>Z\u00e1sady udr\u017eiteln\u00e9 v\u00fdstavby<\/a><ul class='toc-sublist' style='list-style-type: \"\u2013 \";padding-left: 20px;margin: 0;max-height: 400px;position: relative;z-index: 1'><li class='toc-item toc-level-3' style='margin: 10px 0;line-height: 1.5'><a href='#umweltfreundlichkeit-und-ressourcenschonung' class='toc-link' style='text-decoration: none;color: #374151;display: block;padding-left: 8px'>\u0160etrnost k \u017eivotn\u00edmu prost\u0159ed\u00ed a ochrana zdroj\u016f<\/a><\/li><li class='toc-item toc-level-3' style='margin: 10px 0;line-height: 1.5'><a href='#soziale-integration-und-lebensqualitaet' class='toc-link' style='text-decoration: none;color: #374151;display: block;padding-left: 8px'>Soci\u00e1ln\u00ed integrace a kvalita \u017eivota<\/a><\/ul><\/li><\/li><li class='toc-item toc-level-2' style='margin: 10px 0;line-height: 1.5'><a href='#fallstudien-nachhaltiger-stadtprojekte-in-deutschland' class='toc-link' style='text-decoration: none;color: #374151;display: block;padding-left: 8px'>P\u0159\u00edpadov\u00e9 studie udr\u017eiteln\u00fdch m\u011bstsk\u00fdch projekt\u016f v N\u011bmecku<\/a><ul class='toc-sublist' style='list-style-type: \"\u2013 \";padding-left: 20px;margin: 0;max-height: 400px;position: relative;z-index: 1'><li class='toc-item toc-level-3' style='margin: 10px 0;line-height: 1.5'><a href='#innovative-bauprojekte-in-grossen-staedten' class='toc-link' style='text-decoration: none;color: #374151;display: block;padding-left: 8px'>Inovativn\u00ed stavebn\u00ed projekty ve velk\u00fdch m\u011bstech<\/a><ul class='toc-sublist' style='list-style-type: \"\u2013 \";padding-left: 20px;margin: 0;max-height: 400px;position: relative;z-index: 1'><li class='toc-item toc-level-4' style='margin: 10px 0;line-height: 1.5'><a href='#neckarbogen-in-heilbronn' class='toc-link' style='text-decoration: none;color: #374151;display: block;padding-left: 8px'>Neckarbogen v Heilbronnu<\/a><\/li><li class='toc-item toc-level-4' style='margin: 10px 0;line-height: 1.5'><a href='#stadt-und-land-in-berlin' class='toc-link' style='text-decoration: none;color: #374151;display: block;padding-left: 8px'>M\u011aSTO A VENKOV v Berl\u00edn\u011b<\/a><\/ul><\/li><\/li><li class='toc-item toc-level-3' style='margin: 10px 0;line-height: 1.5'><a href='#erfolgreiche-nachhaltige-projekte-in-laendlichen-regionen' class='toc-link' style='text-decoration: none;color: #374151;display: block;padding-left: 8px'>\u00dasp\u011b\u0161n\u00e9 udr\u017eiteln\u00e9 projekty ve venkovsk\u00fdch oblastech<\/a><ul class='toc-sublist' style='list-style-type: \"\u2013 \";padding-left: 20px;margin: 0;max-height: 400px;position: relative;z-index: 1'><li class='toc-item toc-level-4' style='margin: 10px 0;line-height: 1.5'><a href='#quartier-im-sindelfinger-wald' class='toc-link' style='text-decoration: none;color: #374151;display: block;padding-left: 8px'>\u010ctvr\u0165 v Sindelfingensk\u00e9m lese<\/a><\/li><li class='toc-item toc-level-4' style='margin: 10px 0;line-height: 1.5'><a href='#innovationscampus-nachhaltigkeit-in-freiburg' class='toc-link' style='text-decoration: none;color: #374151;display: block;padding-left: 8px'>Inova\u010dn\u00ed kampus Udr\u017eitelnost ve Freiburgu<\/a><\/ul><\/li><\/ul><\/li><\/li><li class='toc-item toc-level-2' style='margin: 10px 0;line-height: 1.5'><a href='#herausforderungen-und-loesungen-in-der-umsetzung' class='toc-link' style='text-decoration: none;color: #374151;display: block;padding-left: 8px'>V\u00fdzvy a \u0159e\u0161en\u00ed p\u0159i implementaci<\/a><ul class='toc-sublist' style='list-style-type: \"\u2013 \";padding-left: 20px;margin: 0;max-height: 400px;position: relative;z-index: 1'><li class='toc-item toc-level-3' style='margin: 10px 0;line-height: 1.5'><a href='#finanzielle-huerden-und-oeffentliche-mittel' class='toc-link' style='text-decoration: none;color: #374151;display: block;padding-left: 8px'>Finan\u010dn\u00ed p\u0159ek\u00e1\u017eky a ve\u0159ejn\u00e9 prost\u0159edky<\/a><\/li><li class='toc-item toc-level-3' style='margin: 10px 0;line-height: 1.5'><a href='#planung-und-partizipation-der-buerger' class='toc-link' style='text-decoration: none;color: #374151;display: block;padding-left: 8px'>Pl\u00e1nov\u00e1n\u00ed a zapojen\u00ed ob\u010dan\u016f<\/a><\/ul><\/li><\/li><li class='toc-item toc-level-2' style='margin: 10px 0;line-height: 1.5'><a href='#ausblick-und-zukuenftige-entwicklungen' class='toc-link' style='text-decoration: none;color: #374151;display: block;padding-left: 8px'>V\u00fdhled a budouc\u00ed v\u00fdvoj<\/a><ul class='toc-sublist' style='list-style-type: \"\u2013 \";padding-left: 20px;margin: 0;max-height: 400px;position: relative;z-index: 1'><li class='toc-item toc-level-3' style='margin: 10px 0;line-height: 1.5'><a href='#technologische-innovationen-im-nachhaltigen-bau' class='toc-link' style='text-decoration: none;color: #374151;display: block;padding-left: 8px'>Technologick\u00e9 inovace v udr\u017eiteln\u00e9 v\u00fdstavb\u011b<\/a><\/li><li class='toc-item toc-level-3' style='margin: 10px 0;line-height: 1.5'><a href='#die-rolle-der-politik-in-der-foerderung-nachhaltiger-stadtprojekte' class='toc-link' style='text-decoration: none;color: #374151;display: block;padding-left: 8px'>Role politiky v podpo\u0159e udr\u017eiteln\u00fdch m\u011bstsk\u00fdch projekt\u016f<\/a><\/ul><\/li><\/li><li class='toc-item toc-level-2' style='margin: 10px 0;line-height: 1.5'><a href='#fazit' class='toc-link' style='text-decoration: none;color: #374151;display: block;padding-left: 8px'>Z\u00e1v\u011br<\/a><\/li><\/ul><\/li><\/ul><\/nav>\n\n\n<h3 class=\"wp-block-heading\" id='einleitung'>Zaveden\u00ed<\/h3>\n<p>D\u016fle\u017eitost udr\u017eiteln\u00e9ho rozvoje m\u011bst nelze p\u0159ece\u0148ovat. Je nejen nezbytn\u00fd pro sni\u017eov\u00e1n\u00ed ekologick\u00e9 stopy m\u011bstsk\u00fdch prostor, ale je tak\u00e9 kl\u00ed\u010dov\u00fd pro vytv\u00e1\u0159en\u00ed obyvateln\u00fdch komunit. C\u00edle a vize do budoucna zahrnuj\u00ed mimo jin\u00e9 sni\u017eov\u00e1n\u00ed emis\u00ed CO2, podporu soci\u00e1ln\u00edho za\u010dle\u0148ov\u00e1n\u00ed a vytv\u00e1\u0159en\u00ed infrastruktury, kter\u00e1 spl\u0148uje pot\u0159eby ob\u010dan\u016f.<\/p>\n\n<h3 class=\"wp-block-heading\" id='ziele-und-visionen-fuer-die-zukunft'>C\u00edle a vize do budoucna<\/h3>\n<p>Vize udr\u017eiteln\u00e9ho rozvoje m\u011bst v N\u011bmecku zahrnuj\u00ed vytv\u00e1\u0159en\u00ed m\u011bstsk\u00fdch oblast\u00ed, kter\u00e9 nab\u00edzej\u00ed nejen bydlen\u00ed, ale tak\u00e9 pracovn\u00ed m\u00edsta, vzd\u011bl\u00e1vac\u00ed instituce a rekrea\u010dn\u00ed p\u0159\u00edle\u017eitosti. C\u00edlem je uv\u00e9st tyto prvky do souladu s p\u0159\u00edrodou a st\u00e1vaj\u00edc\u00edmi zdroji. Prost\u0159ednictv\u00edm participativn\u00edch pl\u00e1novac\u00edch proces\u016f se maj\u00ed ob\u010dan\u00e9 zapojit do rozvoje sv\u00fdch obytn\u00fdch prostor, aby se zv\u00fd\u0161ila jejich akceptace a identifikace s nov\u00fdmi projekty.<\/p>\n\n<h2 class=\"wp-block-heading\" id='prinzipien-des-nachhaltigen-bauens'>Z\u00e1sady udr\u017eiteln\u00e9 v\u00fdstavby<\/h2>\n\n<h3 class=\"wp-block-heading\" id='umweltfreundlichkeit-und-ressourcenschonung'>\u0160etrnost k \u017eivotn\u00edmu prost\u0159ed\u00ed a ochrana zdroj\u016f<\/h3>\n<p>\u00dast\u0159edn\u00edm principem udr\u017eiteln\u00e9 v\u00fdstavby je \u0161etrnost k \u017eivotn\u00edmu prost\u0159ed\u00ed. To znamen\u00e1 pou\u017e\u00edv\u00e1n\u00ed materi\u00e1l\u016f, kter\u00e9 jsou \u0161etrn\u00e9 k \u017eivotn\u00edmu prost\u0159ed\u00ed a poch\u00e1zej\u00ed z udr\u017eiteln\u00fdch zdroj\u016f. Vyu\u017e\u00edv\u00e1n\u00ed nov\u00fdch technologi\u00ed, jako jsou energeticky \u00fasporn\u00e9 stavebn\u00ed metody a obnoviteln\u00e9 zdroje energie, sni\u017euje spot\u0159ebu zdroj\u016f. Princip \u201eod kol\u00e9bky ke kol\u00e9bce\u201c je jedn\u00edm z pr\u016fkopnick\u00fdch p\u0159\u00edstup\u016f.<\/p>\n\n<h3 class=\"wp-block-heading\" id='soziale-integration-und-lebensqualitaet'>Soci\u00e1ln\u00ed integrace a kvalita \u017eivota<\/h3>\n<p>Krom\u011b \u0161etrnosti k \u017eivotn\u00edmu prost\u0159ed\u00ed je z\u00e1sadn\u00ed i soci\u00e1ln\u00ed slo\u017eka. Udr\u017eiteln\u00e9 stavebn\u00ed projekty mus\u00ed tak\u00e9 podporovat soci\u00e1ln\u00ed integraci a zaji\u0161\u0165ovat kvalitn\u00ed \u017eivot. To zahrnuje vytv\u00e1\u0159en\u00ed ve\u0159ejn\u00fdch prostor, kter\u00e9 spojuj\u00ed lidi, a rozvoj mo\u017enost\u00ed bydlen\u00ed, kter\u00e9 jsou p\u0159\u00edstupn\u00e9 r\u016fzn\u00fdm soci\u00e1ln\u00edm skupin\u00e1m. Z\u0159izov\u00e1n\u00ed vzd\u011bl\u00e1vac\u00edch instituc\u00ed a kulturn\u00edch nab\u00eddek hraje tak\u00e9 kl\u00ed\u010dovou roli v soci\u00e1ln\u00edm rozvoji m\u011bst.<\/p>\n\n<h2 class=\"wp-block-heading\" id='fallstudien-nachhaltiger-stadtprojekte-in-deutschland'>P\u0159\u00edpadov\u00e9 studie udr\u017eiteln\u00fdch m\u011bstsk\u00fdch projekt\u016f v N\u011bmecku<\/h2>\n\n<figure class=\"wp-block-image aligncenter size-large\"><img decoding=\"async\" src=\"https:\/\/allfixpro.de\/wp-content\/uploads\/2025\/07\/nachhaltige_stadtprojekte_nachhaltige-stadtprojekte.jpg\" alt=\"Ilustrace k sekci: Inovativn\u00ed stavebn\u00ed projekty ve velk\u00fdch m\u011bstech V posledn\u00edch letech byly ve velk\u00fdch n\u011bmeck\u00fdch m\u011bstech realizov\u00e1ny udr\u017eiteln\u00e9 m\u011bstsk\u00e9 projekty\" \/><\/figure><h3 class=\"wp-block-heading\" id='innovative-bauprojekte-in-grossen-staedten'>Inovativn\u00ed stavebn\u00ed projekty ve velk\u00fdch m\u011bstech<\/h3>\n<p>V posledn\u00edch letech bylo ve velk\u00fdch n\u011bmeck\u00fdch m\u011bstech realizov\u00e1no mnoho inovativn\u00edch stavebn\u00edch projekt\u016f, kter\u00e9 mohou slou\u017eit jako modely pro udr\u017eiteln\u00fd rozvoj m\u011bst.<\/p>\n\n<h4 class=\"wp-block-heading\" id='neckarbogen-in-heilbronn'>Neckarbogen v Heilbronnu<\/h4>\n<p>Neckarbogen v Heilbronnu je vynikaj\u00edc\u00edm p\u0159\u00edkladem udr\u017eiteln\u00e9ho rozvoje m\u011bst. V r\u00e1mci Feder\u00e1ln\u00ed zahradn\u00ed v\u00fdstavy v roce 2019 bylo na m\u00edst\u011b b\u00fdval\u00e9ho pr\u016fmyslov\u00e9ho a p\u0159\u00edstavn\u00edho are\u00e1lu postaveno celkem 22 obytn\u00fdch budov navr\u017een\u00fdch renomovan\u00fdmi architektonick\u00fdmi firmami. V\u00fdstavba nejvy\u0161\u0161\u00edho d\u0159ev\u011bn\u00e9ho mrakodrapu v N\u011bmecku, Skaio, demonstruje, jak lze uskute\u010dnit princip \u201eod kol\u00e9bky ke kol\u00e9bce\u201c. Tento princip podporuje recyklaci stavebn\u00edch materi\u00e1l\u016f a udr\u017eiteln\u00e9 stavebn\u00ed postupy.<\/p>\n\n<h4 class=\"wp-block-heading\" id='stadt-und-land-in-berlin'>M\u011aSTO A VENKOV v Berl\u00edn\u011b<\/h4>\n<p>Berl\u00ednsk\u00e9 bytov\u00e9 dru\u017estvo STADT UND LAND realizovalo tak\u00e9 \u0159adu projekt\u016f udr\u017eiteln\u00e9 v\u00fdstavby. Mezi n\u011b pat\u0159\u00ed p\u0159estavba velk\u00e9ho s\u00eddli\u0161t\u011b Hellersdorf, kde byly p\u0159epracov\u00e1ny velk\u00e9 plochy a vysazeny \u010detn\u00e9 stromy. D\u00edky instalaci fotovoltaick\u00fdch syst\u00e9m\u016f na st\u0159ech\u00e1ch bytov\u00fdch dom\u016f bylo dosa\u017eeno vynikaj\u00edc\u00ed energetick\u00e9 sob\u011bsta\u010dnosti.<\/p>\n\n<h3 class=\"wp-block-heading\" id='erfolgreiche-nachhaltige-projekte-in-laendlichen-regionen'>\u00dasp\u011b\u0161n\u00e9 udr\u017eiteln\u00e9 projekty ve venkovsk\u00fdch oblastech<\/h3>\n<p>\u00dasp\u011b\u0161n\u00e9 udr\u017eiteln\u00e9 projekty se realizuj\u00ed nejen ve m\u011bstech, ale i ve venkovsk\u00fdch oblastech N\u011bmecka.<\/p>\n\n<h4 class=\"wp-block-heading\" id='quartier-im-sindelfinger-wald'>\u010ctvr\u0165 v Sindelfingensk\u00e9m lese<\/h4>\n<p>V Sindelfingenu se stav\u00ed \u201eQuartier im Sindelfingen Wald\u201c (\u010ctvrt v Sindelfingensk\u00e9m lese), kter\u00e1 spojuje bydlen\u00ed, pr\u00e1ci a voln\u00fd \u010das. Pl\u00e1nuje se nejm\u00e9n\u011b 500 byt\u016f, kter\u00e9 maj\u00ed podporovat soci\u00e1ln\u00ed interakci prost\u0159ednictv\u00edm sv\u00e9ho um\u00edst\u011bn\u00ed a integrace vzd\u011bl\u00e1vac\u00edch za\u0159\u00edzen\u00ed. Charakteristick\u00fdm rysem projektu je respektuj\u00edc\u00ed p\u0159\u00edstup ke st\u00e1vaj\u00edc\u00ed populaci strom\u016f.<\/p>\n\n<h4 class=\"wp-block-heading\" id='innovationscampus-nachhaltigkeit-in-freiburg'>Inova\u010dn\u00ed kampus Udr\u017eitelnost ve Freiburgu<\/h4>\n<p>Inova\u010dn\u00ed kampus pro udr\u017eitelnost (ICN) ve Freiburgu, kter\u00fd bude otev\u0159en v lednu 2024, si klade za c\u00edl rozv\u00edjet interdisciplin\u00e1rn\u00ed p\u0159\u00edstupy k podpo\u0159e udr\u017eiteln\u00fdch m\u011bstsk\u00fdch \u010dtvrt\u00ed. Projekty jako \u201eZUKAMAS\u201c ukazuj\u00ed, jak mohou zelen\u00e9 plochy p\u0159isp\u011bt k p\u0159izp\u016fsoben\u00ed m\u011bstsk\u00fdch obytn\u00fdch prostor zm\u011bn\u011b klimatu. Tyto iniciativy zd\u016fraz\u0148uj\u00ed v\u00fdznam v\u00fdzkumu a ob\u010dansk\u00e9 \u00fa\u010dasti.<\/p>\n\n<h2 class=\"wp-block-heading\" id='herausforderungen-und-loesungen-in-der-umsetzung'>V\u00fdzvy a \u0159e\u0161en\u00ed p\u0159i implementaci<\/h2><figure class=\"wp-block-image aligncenter size-large\"><img decoding=\"async\" src=\"https:\/\/allfixpro.de\/wp-content\/uploads\/2025\/07\/nachhaltige_stadtprojekte_nachhaltige-stadtprojekte-1.jpg\" alt=\"Ilustrace k sekci: Finan\u010dn\u00ed p\u0159ek\u00e1\u017eky a ve\u0159ejn\u00e9 finance Navzdory mnoha pozitivn\u00edm v\u00fdvoj\u016fm, on - projekty udr\u017eiteln\u00fdch m\u011bst\" \/><\/figure>\n\n<h3 class=\"wp-block-heading\" id='finanzielle-huerden-und-oeffentliche-mittel'>Finan\u010dn\u00ed p\u0159ek\u00e1\u017eky a ve\u0159ejn\u00e9 prost\u0159edky<\/h3>\n<p>Navzdory mnoha pozitivn\u00edm v\u00fdvoj\u016fm je t\u0159eba \u0159e\u0161it i probl\u00e9my s realizac\u00ed udr\u017eiteln\u00fdch m\u011bstsk\u00fdch projekt\u016f. Finan\u010dn\u00ed p\u0159ek\u00e1\u017eky jsou \u010dasto velkou p\u0159ek\u00e1\u017ekou. V\u00fdstavba udr\u017eiteln\u00fdch budov obvykle vy\u017eaduje vy\u0161\u0161\u00ed po\u010d\u00e1te\u010dn\u00ed investice, kter\u00fdch nen\u00ed v\u017edy snadn\u00e9 dos\u00e1hnout. Ve\u0159ejn\u00e9 financov\u00e1n\u00ed a podp\u016frn\u00e9 programy hraj\u00ed d\u016fle\u017eitou roli v p\u0159ekon\u00e1v\u00e1n\u00ed t\u011bchto p\u0159ek\u00e1\u017eek.<\/p>\n\n<h3 class=\"wp-block-heading\" id='planung-und-partizipation-der-buerger'>Pl\u00e1nov\u00e1n\u00ed a zapojen\u00ed ob\u010dan\u016f<\/h3>\n<p>Dal\u0161\u00ed v\u00fdzvou je pl\u00e1nov\u00e1n\u00ed a zapojen\u00ed ob\u010dan\u016f. Kl\u00ed\u010dov\u00ed \u010dinitel\u00e9 s rozhodovac\u00ed pravomoc\u00ed \u010dasto shled\u00e1vaj\u00ed zapojen\u00ed ob\u010dan\u016f do pl\u00e1novac\u00edch proces\u016f \u010dasov\u011b n\u00e1ro\u010dn\u00fdm. Jejich \u00fa\u010dast je nicm\u00e9n\u011b kl\u00ed\u010dov\u00e1 pro p\u0159ijet\u00ed a \u00fasp\u011bch projekt\u016f. Transparentn\u00ed dialog mezi pl\u00e1nova\u010di a ob\u010dany m\u016f\u017ee p\u0159edej\u00edt nedorozum\u011bn\u00edm a v\u00e9st k lep\u0161\u00ed realizaci n\u00e1pad\u016f.<\/p>\n\n<h2 class=\"wp-block-heading\" id='ausblick-und-zukuenftige-entwicklungen'>V\u00fdhled a budouc\u00ed v\u00fdvoj<\/h2>\n\n<h3 class=\"wp-block-heading\" id='technologische-innovationen-im-nachhaltigen-bau'>Technologick\u00e9 inovace v udr\u017eiteln\u00e9 v\u00fdstavb\u011b<\/h3>\n<p>Budoucnost udr\u017eiteln\u00e9 v\u00fdstavby spo\u010d\u00edv\u00e1 v zav\u00e1d\u011bn\u00ed technologick\u00fdch inovac\u00ed. Technologie chytr\u00e9 dom\u00e1cnosti, inteligentn\u00ed syst\u00e9my distribuce energie a udr\u017eiteln\u00e9 stavebn\u00ed materi\u00e1ly jsou jen n\u011bkter\u00e9 z oblast\u00ed, kde doch\u00e1z\u00ed k pokroku. Takov\u00e9 technologie umo\u017e\u0148uj\u00ed je\u0161t\u011b efektivn\u011bj\u0161\u00ed vyu\u017e\u00edv\u00e1n\u00ed zdroj\u016f a p\u0159isp\u00edvaj\u00ed ke sni\u017eov\u00e1n\u00ed spot\u0159eby energie a emis\u00ed.<\/p>\n\n<h3 class=\"wp-block-heading\" id='die-rolle-der-politik-in-der-foerderung-nachhaltiger-stadtprojekte'>Role politiky v podpo\u0159e udr\u017eiteln\u00fdch m\u011bstsk\u00fdch projekt\u016f<\/h3>\n<p>Politick\u00e1 podpora je pro rozvoj udr\u017eiteln\u00fdch m\u011bstsk\u00fdch projekt\u016f kl\u00ed\u010dov\u00e1. Tv\u016frci politik mus\u00ed vytv\u00e1\u0159et pob\u00eddky a podporovat investice do v\u00fdzkumu a v\u00fdvoje v t\u00e9to oblasti. Sout\u011b\u017ee a finan\u010dn\u00ed odm\u011bny za vynikaj\u00edc\u00ed koncepty mohou tak\u00e9 stimulovat inovativn\u00ed p\u0159\u00edstupy a podporovat p\u0159ijet\u00ed ve\u0159ejnost\u00ed.<\/p>\n\n<h2 class=\"wp-block-heading\" id='fazit'>Z\u00e1v\u011br<\/h2>\n\n<p>N\u011bmecko ukazuje, jak lze udr\u017eiteln\u00e9 m\u011bstsk\u00e9 projekty rozv\u00edjet prost\u0159ednictv\u00edm inovativn\u00edch p\u0159\u00edstup\u016f a mezioborov\u00e9 spolupr\u00e1ce. P\u0159\u00edklady z Heilbronnu, Sindelfingenu, Freiburgu a Berl\u00edna p\u016fsobiv\u011b ukazuj\u00ed, \u017ee zodpov\u011bdn\u00e1 v\u00fdstavba je nejen mo\u017en\u00e1, ale i nezbytn\u00e1. Ob\u010dan\u00e9 jsou vyz\u00fdv\u00e1ni, aby se aktivn\u011b pod\u00edleli na utv\u00e1\u0159en\u00ed sv\u00fdch \u017eivotn\u00edch prostor a vytvo\u0159ili obyvateln\u00e1 a udr\u017eiteln\u00e1 m\u011bsta pro budouc\u00ed generace.<\/p>\n\n<p>Holistick\u00fd p\u0159\u00edstup, kter\u00fd zohled\u0148uje ekologick\u00e9, ekonomick\u00e9 a soci\u00e1ln\u00ed aspekty, tvo\u0159\u00ed z\u00e1klad udr\u017eiteln\u00e9ho rozvoje m\u011bst. Je na\u010dase, aby v\u0161echny z\u00fa\u010dastn\u011bn\u00e9 strany v tomto procesu spolupracovaly na nasm\u011brov\u00e1n\u00ed pozitivn\u00edho rozvoje spr\u00e1vn\u00fdm sm\u011brem. Pro podporu v oblasti udr\u017eiteln\u00e9 v\u00fdstavby a \u0159e\u0161en\u00ed zam\u011b\u0159en\u00fdch na v\u00fdsledky doporu\u010dujeme nav\u0161t\u00edvit <a href=\"https:\/\/www.umfis.de\/nachhaltige-stadtentwicklung-in-freiburg\/\" target=\"_blank\" rel=\"noopener\">UMFIS<\/a>dozv\u011bd\u011bt se v\u00edce o jejich z\u00e1vazku v t\u00e9to oblasti.<\/p>","protected":false},"excerpt":{"rendered":"<p>Zukunftsorientierte Stadtentwicklung: Nachhaltige Bauprojekte in Deutschland Nachhaltige stadtprojekte gewinnen in Deutschland zunehmend an Bedeutung, um den Herausforderungen des Klimawandels und<\/p>","protected":false},"author":1,"featured_media":880,"comment_status":"open","ping_status":"open","sticky":false,"template":"","format":"standard","meta":{"footnotes":""},"categories":[21],"tags":[82,119,118,120,121],"class_list":["post-877","post","type-post","status-publish","format-standard","has-post-thumbnail","hentry","category-nachhaltiges_bauen","tag-klimawandel","tag-nachhaltige-bauprojekte","tag-stadtentwicklung","tag-urbanisierung","tag-wohnraum"],"_links":{"self":[{"href":"https:\/\/allfixpro.de\/cs\/wp-json\/wp\/v2\/posts\/877","targetHints":{"allow":["GET"]}}],"collection":[{"href":"https:\/\/allfixpro.de\/cs\/wp-json\/wp\/v2\/posts"}],"about":[{"href":"https:\/\/allfixpro.de\/cs\/wp-json\/wp\/v2\/types\/post"}],"author":[{"embeddable":true,"href":"https:\/\/allfixpro.de\/cs\/wp-json\/wp\/v2\/users\/1"}],"replies":[{"embeddable":true,"href":"https:\/\/allfixpro.de\/cs\/wp-json\/wp\/v2\/comments?post=877"}],"version-history":[{"count":1,"href":"https:\/\/allfixpro.de\/cs\/wp-json\/wp\/v2\/posts\/877\/revisions"}],"predecessor-version":[{"id":878,"href":"https:\/\/allfixpro.de\/cs\/wp-json\/wp\/v2\/posts\/877\/revisions\/878"}],"wp:featuredmedia":[{"embeddable":true,"href":"https:\/\/allfixpro.de\/cs\/wp-json\/wp\/v2\/media\/880"}],"wp:attachment":[{"href":"https:\/\/allfixpro.de\/cs\/wp-json\/wp\/v2\/media?parent=877"}],"wp:term":[{"taxonomy":"category","embeddable":true,"href":"https:\/\/allfixpro.de\/cs\/wp-json\/wp\/v2\/categories?post=877"},{"taxonomy":"post_tag","embeddable":true,"href":"https:\/\/allfixpro.de\/cs\/wp-json\/wp\/v2\/tags?post=877"}],"curies":[{"name":"wp","href":"https:\/\/api.w.org\/{rel}","templated":true}]}}