{"id":883,"date":"2025-08-01T20:53:00","date_gmt":"2025-08-01T20:53:00","guid":{"rendered":"https:\/\/allfixpro.de\/?p=883"},"modified":"2025-07-29T12:48:03","modified_gmt":"2025-07-29T12:48:03","slug":"koncepty-zelenych-budov","status":"publish","type":"post","link":"https:\/\/allfixpro.de\/cs\/gruene-baukonzepte\/","title":{"rendered":"Koncepty zelen\u00fdch budov: Jak zelen\u00e9 st\u0159echy a st\u011bny zp\u016fsobuj\u00ed revoluci v udr\u017eiteln\u00e9 v\u00fdstavb\u011b"},"content":{"rendered":"<h2 class=\"wp-block-heading\" id='einleitung'>Zaveden\u00ed<\/h2>\n\n<p>Zelen\u00e9 st\u0159echy a st\u011bny nejsou jen esteticky p\u0159\u00edjemn\u00e9, ale tak\u00e9 d\u016fle\u017eitou sou\u010d\u00e1st\u00ed koncept\u016f zelen\u00fdch budov. Nab\u00edzej\u00ed \u0159adu ekologick\u00fdch, ekonomick\u00fdch a soci\u00e1ln\u00edch v\u00fdhod, kter\u00e9 p\u0159isp\u00edvaj\u00ed ke zlep\u0161en\u00ed kvality \u017eivota v m\u011bstsk\u00fdch oblastech. V dob\u011b, kdy udr\u017eitelnost a ochrana zdroj\u016f nab\u00fdvaj\u00ed na v\u00fdznamu, jsou koncepty zelen\u00fdch budov slibn\u00fdm \u0159e\u0161en\u00edm v\u00fdzev modern\u00ed v\u00fdstavby.<\/p>\n<nav id='rank-math-toc' class='custom-toc wp-block-rank-math-toc-block' role='navigation' aria-label='Obsah' style='margin: 20px 0;padding: 15px;background-color: #f9f9f9;border: 1px solid #ddd;border-radius: 5px'><h2 class='toc-title' style='margin: 0 0 16px 0;padding-bottom: 8px;font-size: 1.4em;font-weight: 600;color: #1f2937;border-bottom: 1px solid #ddd'>Obsah<\/h2><ul class='toc-list' style='list-style-type: \"\u2013 \";padding-left: 20px;margin: 0;max-height: 400px;position: relative;z-index: 1'><ul class='toc-sublist' style='list-style-type: \"\u2013 \";padding-left: 20px;margin: 0;max-height: 400px;position: relative;z-index: 1'><li class='toc-item toc-level-2' style='margin: 10px 0;line-height: 1.5'><a href='#einleitung' class='toc-link' style='text-decoration: none;color: #374151;display: block;padding-left: 8px'>Zaveden\u00ed<\/a><\/li><li class='toc-item toc-level-2' style='margin: 10px 0;line-height: 1.5'><a href='#grundlagen-der-gruenen-baukonzepte' class='toc-link' style='text-decoration: none;color: #374151;display: block;padding-left: 8px'>Z\u00e1klady koncept\u016f zelen\u00e9 v\u00fdstavby<\/a><ul class='toc-sublist' style='list-style-type: \"\u2013 \";padding-left: 20px;margin: 0;max-height: 400px;position: relative;z-index: 1'><li class='toc-item toc-level-3' style='margin: 10px 0;line-height: 1.5'><a href='#historische-entwicklung-und-aktuelle-trends' class='toc-link' style='text-decoration: none;color: #374151;display: block;padding-left: 8px'>Historick\u00fd v\u00fdvoj a sou\u010dasn\u00e9 trendy<\/a><\/li><li class='toc-item toc-level-3' style='margin: 10px 0;line-height: 1.5'><a href='#vorteile-von-gruenen-baukonzepten' class='toc-link' style='text-decoration: none;color: #374151;display: block;padding-left: 8px'>V\u00fdhody koncept\u016f zelen\u00e9 v\u00fdstavby<\/a><\/ul><\/li><\/li><li class='toc-item toc-level-2' style='margin: 10px 0;line-height: 1.5'><a href='#technische-aspekte-von-gruenen-daechern' class='toc-link' style='text-decoration: none;color: #374151;display: block;padding-left: 8px'>Technick\u00e9 aspekty zelen\u00fdch st\u0159ech<\/a><ul class='toc-sublist' style='list-style-type: \"\u2013 \";padding-left: 20px;margin: 0;max-height: 400px;position: relative;z-index: 1'><li class='toc-item toc-level-3' style='margin: 10px 0;line-height: 1.5'><a href='#aufbau-und-materialien' class='toc-link' style='text-decoration: none;color: #374151;display: block;padding-left: 8px'>Struktura a materi\u00e1ly<\/a><\/li><li class='toc-item toc-level-3' style='margin: 10px 0;line-height: 1.5'><a href='#planung-und-installation' class='toc-link' style='text-decoration: none;color: #374151;display: block;padding-left: 8px'>Pl\u00e1nov\u00e1n\u00ed a instalace<\/a><\/ul><\/li><\/li><li class='toc-item toc-level-2' style='margin: 10px 0;line-height: 1.5'><a href='#gruene-waende-moeglichkeiten-und-herausforderungen' class='toc-link' style='text-decoration: none;color: #374151;display: block;padding-left: 8px'>Zelen\u00e9 zdi: p\u0159\u00edle\u017eitosti a v\u00fdzvy<\/a><ul class='toc-sublist' style='list-style-type: \"\u2013 \";padding-left: 20px;margin: 0;max-height: 400px;position: relative;z-index: 1'><li class='toc-item toc-level-3' style='margin: 10px 0;line-height: 1.5'><a href='#verschiedene-arten-von-vertikalen-gaerten' class='toc-link' style='text-decoration: none;color: #374151;display: block;padding-left: 8px'>R\u016fzn\u00e9 typy vertik\u00e1ln\u00edch zahrad<\/a><\/li><li class='toc-item toc-level-3' style='margin: 10px 0;line-height: 1.5'><a href='#integration-in-bestehende-gebaeudestrukturen' class='toc-link' style='text-decoration: none;color: #374151;display: block;padding-left: 8px'>Integrace do st\u00e1vaj\u00edc\u00edch stavebn\u00edch konstrukc\u00ed<\/a><\/ul><\/li><\/li><li class='toc-item toc-level-2' style='margin: 10px 0;line-height: 1.5'><a href='#fallstudien-und-best-practices' class='toc-link' style='text-decoration: none;color: #374151;display: block;padding-left: 8px'>P\u0159\u00edpadov\u00e9 studie a osv\u011bd\u010den\u00e9 postupy<\/a><ul class='toc-sublist' style='list-style-type: \"\u2013 \";padding-left: 20px;margin: 0;max-height: 400px;position: relative;z-index: 1'><li class='toc-item toc-level-3' style='margin: 10px 0;line-height: 1.5'><a href='#erfolgreiche-beispiele-in-deutschland' class='toc-link' style='text-decoration: none;color: #374151;display: block;padding-left: 8px'>\u00dasp\u011b\u0161n\u00e9 p\u0159\u00edklady v N\u011bmecku<\/a><\/li><li class='toc-item toc-level-3' style='margin: 10px 0;line-height: 1.5'><a href='#lektionen-aus-internationalen-projekten' class='toc-link' style='text-decoration: none;color: #374151;display: block;padding-left: 8px'>Pou\u010den\u00ed z mezin\u00e1rodn\u00edch projekt\u016f<\/a><ul class='toc-sublist' style='list-style-type: \"\u2013 \";padding-left: 20px;margin: 0;max-height: 400px;position: relative;z-index: 1'><li class='toc-item toc-level-4' style='margin: 10px 0;line-height: 1.5'><a href='#anwendungsbeispiele' class='toc-link' style='text-decoration: none;color: #374151;display: block;padding-left: 8px'>P\u0159\u00edklady aplikac\u00ed<\/a><\/li><li class='toc-item toc-level-4' style='margin: 10px 0;line-height: 1.5'><a href='#zukuenftige-entwicklungen-und-forschung' class='toc-link' style='text-decoration: none;color: #374151;display: block;padding-left: 8px'>Budouc\u00ed v\u00fdvoj a v\u00fdzkum<\/a><\/ul><\/li><\/ul><\/li><\/li><li class='toc-item toc-level-2' style='margin: 10px 0;line-height: 1.5'><a href='#fazit-und-ausblick' class='toc-link' style='text-decoration: none;color: #374151;display: block;padding-left: 8px'>Z\u00e1v\u011br a v\u00fdhled<\/a><ul class='toc-sublist' style='list-style-type: \"\u2013 \";padding-left: 20px;margin: 0;max-height: 400px;position: relative;z-index: 1'><li class='toc-item toc-level-3' style='margin: 10px 0;line-height: 1.5'><a href='#zusammenfassung-der-wichtigsten-punkte' class='toc-link' style='text-decoration: none;color: #374151;display: block;padding-left: 8px'>Shrnut\u00ed hlavn\u00edch bod\u016f<\/a><\/li><li class='toc-item toc-level-3' style='margin: 10px 0;line-height: 1.5'><a href='#zukuenftige-trends-in-gruenen-baukonzepten-und-deren-bedeutung-fuer-die-umwelt' class='toc-link' style='text-decoration: none;color: #374151;display: block;padding-left: 8px'>Budouc\u00ed trendy v konceptech zelen\u00fdch budov a jejich v\u00fdznam pro \u017eivotn\u00ed prost\u0159ed\u00ed<\/a><\/li><\/ul><\/li><\/ul><\/li><\/ul><\/nav>\n\n\n<p>Tento \u010dl\u00e1nek si klade za c\u00edl prozkoumat v\u00fdznam a p\u0159\u00ednosy zelen\u00fdch st\u0159ech a st\u011bn v kontextu udr\u017eiteln\u00e9 v\u00fdstavby. Zejm\u00e9na zd\u016fraz\u0148uje relevanci t\u011bchto koncept\u016f pro vytv\u00e1\u0159en\u00ed obyvateln\u00fdch m\u011bst.<\/p>\n\n<h2 class=\"wp-block-heading\" id='grundlagen-der-gruenen-baukonzepte'>Z\u00e1klady koncept\u016f zelen\u00e9 v\u00fdstavby<\/h2>\n\n<h3 class=\"wp-block-heading\" id='historische-entwicklung-und-aktuelle-trends'>Historick\u00fd v\u00fdvoj a sou\u010dasn\u00e9 trendy<\/h3>\n\n<p>V\u00fdvoj zelen\u00fdch st\u0159ech a fas\u00e1d v posledn\u00edch desetilet\u00edch nabral na obr\u00e1tk\u00e1ch. P\u016fvodn\u011b je r\u016fzn\u00e9 kultury pou\u017e\u00edvaly k regulaci klimatu a zlep\u0161ov\u00e1n\u00ed obytn\u00fdch prostor, nyn\u00ed se v\u0161ak dost\u00e1vaj\u00ed do centra pozornosti s rostouc\u00edm pov\u011bdom\u00edm o environment\u00e1ln\u00edch probl\u00e9mech a udr\u017eiteln\u00fdch postupech. Mnoho m\u011bst investuje do rozvoje a propagace takov\u00fdch stavebn\u00edch koncept\u016f.<\/p>\n\n<p>Sou\u010dasn\u00e9 trendy v konceptech zelen\u00fdch budov ukazuj\u00ed, \u017ee inovativn\u00ed materi\u00e1ly a techniky jsou neust\u00e1le vyv\u00edjeny a zav\u00e1d\u011bny. V\u00fdzkum a v\u00fdvoj se zam\u011b\u0159uj\u00ed na zlep\u0161en\u00ed energetick\u00e9 \u00fa\u010dinnosti, biodiverzity a kvality ovzdu\u0161\u00ed prost\u0159ednictv\u00edm zelen\u00e9 architektury.<\/p>\n\n<h3 class=\"wp-block-heading\" id='vorteile-von-gruenen-baukonzepten'>V\u00fdhody koncept\u016f zelen\u00e9 v\u00fdstavby<\/h3>\n\n<ul class=\"wp-block-list\"><li><strong>Ekologick\u00e9 v\u00fdhody:<\/strong> Zelen\u00e9 st\u0159echy a st\u011bny funguj\u00ed jako p\u0159\u00edrodn\u00ed vzduchov\u00e9 filtry, sni\u017euj\u00ed tepeln\u00e9 ostrovy ve m\u011bstech a zlep\u0161uj\u00ed zadr\u017eov\u00e1n\u00ed vody.<\/li><li><strong>Ekonomick\u00e9 aspekty:<\/strong> Nemovitosti s konceptem zelen\u00e9 v\u00fdstavby \u010dasto vykazuj\u00ed zv\u00fd\u0161enou hodnotu a ni\u017e\u0161\u00ed provozn\u00ed n\u00e1klady d\u00edky sn\u00ed\u017een\u00fdm n\u00e1klad\u016fm na energie.<\/li><\/ul>\n\n<h2 class=\"wp-block-heading\" id='technische-aspekte-von-gruenen-daechern'>Technick\u00e9 aspekty zelen\u00fdch st\u0159ech<\/h2>\n\n<h3 class=\"wp-block-heading\" id='aufbau-und-materialien'>Struktura a materi\u00e1ly<\/h3>\n\n<p>Zelen\u00e9 st\u0159echy se obvykle skl\u00e1daj\u00ed z n\u011bkolika vrstev, v\u010detn\u011b hydroizola\u010dn\u00ed membr\u00e1ny, dren\u00e1\u017en\u00ed vrstvy, filtra\u010dn\u00ed vrstvy a substr\u00e1tu, ve kter\u00e9m rostliny rostou. V\u00fdb\u011br rostlin je kl\u00ed\u010dov\u00fd a z\u00e1vis\u00ed na faktorech, jako je klima a slune\u010dn\u00ed z\u00e1\u0159en\u00ed. Nap\u0159\u00edklad ekonomicky udr\u017eiteln\u00e9 rostliny vy\u017eaduj\u00ed m\u00e1lo vody a jsou odoln\u00e9 v\u016f\u010di pov\u011btrnostn\u00edm podm\u00ednk\u00e1m.<\/p>\n\n<h3 class=\"wp-block-heading\" id='planung-und-installation'>Pl\u00e1nov\u00e1n\u00ed a instalace<\/h3>\n\n<p>Pl\u00e1nov\u00e1n\u00ed a instalace zelen\u00fdch st\u0159ech vy\u017eaduje pe\u010dliv\u00e9 zv\u00e1\u017een\u00ed a znalost m\u00edstn\u00edch stavebn\u00edch p\u0159edpis\u016f. Mus\u00ed b\u00fdt stanoveny specifikace po\u017eadavk\u016f, kter\u00e9 zajist\u00ed, \u017ee konstruk\u010dn\u00ed integrita budovy odol\u00e1 dodate\u010dn\u00e9mu nam\u00e1h\u00e1n\u00ed zp\u016fsoben\u00e9mu vegetac\u00ed. \u00dadr\u017eba a p\u00e9\u010de jsou tak\u00e9 nezbytn\u00e9 pro zaji\u0161t\u011bn\u00ed dlouh\u00e9 \u017eivotnosti syst\u00e9mu.<\/p>\n\n<ul class=\"wp-block-list\"><li><strong>Profily po\u017eadavk\u016f:<\/strong> Podrobn\u00fd pl\u00e1n mus\u00ed specifikovat druhy rostlin, zavla\u017eovac\u00ed syst\u00e9my a intervaly \u00fadr\u017eby.<\/li><li><strong>\u00dadr\u017eba a p\u00e9\u010de:<\/strong> Pravideln\u00e9 kontroly a \u00fadr\u017eba jsou d\u016fle\u017eit\u00e9 pro zaji\u0161t\u011bn\u00ed zdrav\u00ed rostlin.<\/li><\/ul>\n\n<h2 class=\"wp-block-heading\" id='gruene-waende-moeglichkeiten-und-herausforderungen'>Zelen\u00e9 zdi: p\u0159\u00edle\u017eitosti a v\u00fdzvy<\/h2>\n\n<h3 class=\"wp-block-heading\" id='verschiedene-arten-von-vertikalen-gaerten'>R\u016fzn\u00e9 typy vertik\u00e1ln\u00edch zahrad<\/h3>\n\n<p>Vertik\u00e1ln\u00ed zahrady neboli zelen\u00e9 st\u011bny nab\u00edzej\u00ed vzru\u0161uj\u00edc\u00ed zp\u016fsob, jak integrovat rostliny do m\u011bstsk\u00e9ho prost\u0159ed\u00ed. Nejen\u017ee vytv\u00e1\u0159ej\u00ed vizu\u00e1ln\u00ed akcenty, ale tak\u00e9 poskytuj\u00ed ekologick\u00e9 v\u00fdhody zlep\u0161en\u00edm kvality ovzdu\u0161\u00ed a ovlivn\u011bn\u00edm m\u00edstn\u00edho mikroklimatu. K dispozici jsou r\u016fzn\u00e9 syst\u00e9my, v\u010detn\u011b prefabrikovan\u00fdch modul\u016f a voln\u011b stoj\u00edc\u00edch konstrukc\u00ed, vhodn\u00fdch pro r\u016fzn\u00e9 typy budov.<\/p>\n\n<h3 class=\"wp-block-heading\" id='integration-in-bestehende-gebaeudestrukturen'>Integrace do st\u00e1vaj\u00edc\u00edch stavebn\u00edch konstrukc\u00ed<\/h3>\n\n<p>Integrace zelen\u00fdch st\u011bn do st\u00e1vaj\u00edc\u00edch budov v\u0161ak p\u0159edstavuje v\u00fdzvy. Je t\u0159eba zv\u00e1\u017eit technick\u00e1 \u0159e\u0161en\u00ed, jako je instalace zavla\u017eovac\u00edch syst\u00e9m\u016f a v\u00fdb\u011br vhodn\u00fdch rostlin. Roli hraj\u00ed i estetick\u00e9 aspekty, proto\u017ee zelen\u00e9 st\u011bny by m\u011bly b\u00fdt harmonicky za\u010dlen\u011bny do architektury budovy.<\/p>\n\n<ul class=\"wp-block-list\"><li><strong>Technick\u00e1 \u0159e\u0161en\u00ed:<\/strong> Vyu\u017eit\u00ed modern\u00edch materi\u00e1l\u016f a technologi\u00ed pro podporu r\u016fstu rostlin.<\/li><li><strong>Estetick\u00e9 aspekty:<\/strong> Navrhov\u00e1n\u00ed st\u011bn rostlinami, kter\u00e9 vylep\u0161uj\u00ed m\u011bstskou krajinu.<\/li><\/ul>\n\n<h2 class=\"wp-block-heading\" id='fallstudien-und-best-practices'>P\u0159\u00edpadov\u00e9 studie a osv\u011bd\u010den\u00e9 postupy<\/h2>\n\n<h3 class=\"wp-block-heading\" id='erfolgreiche-beispiele-in-deutschland'>\u00dasp\u011b\u0161n\u00e9 p\u0159\u00edklady v N\u011bmecku<\/h3>\n\n<p>V N\u011bmecku existuje \u0159ada \u00fasp\u011b\u0161n\u00fdch p\u0159\u00edklad\u016f implementace zelen\u00fdch st\u0159ech a st\u011bn. M\u011bsta jako Hamburk vyvinula vlastn\u00ed strategie na podporu vyu\u017e\u00edv\u00e1n\u00ed zelen\u00fdch ploch v nov\u00fdch i st\u00e1vaj\u00edc\u00edch budov\u00e1ch. Tyto iniciativy ukazuj\u00ed, jak lze efektivn\u011b implementovat standardy pro zelen\u00e9 budovy.<\/p>\n\n<h3 class=\"wp-block-heading\" id='lektionen-aus-internationalen-projekten'>Pou\u010den\u00ed z mezin\u00e1rodn\u00edch projekt\u016f<\/h3>\n\n<p>Mezin\u00e1rodn\u00ed projekty nab\u00edzej\u00ed cenn\u00e9 poznatky o implementaci koncept\u016f zelen\u00fdch budov. Ve m\u011bstech jako Toronto a Singapur jsou zelen\u00e9 st\u011bny a st\u0159echy d\u016fsledn\u011b integrov\u00e1ny do urbanistick\u00e9ho pl\u00e1nov\u00e1n\u00ed, co\u017e vede k pozoruhodn\u00e9mu zlep\u0161en\u00ed kvality ovzdu\u0161\u00ed a kvality \u017eivota. Tato opat\u0159en\u00ed inspiruj\u00ed k budouc\u00edmu rozvoji v N\u011bmecku.<\/p>\n\n<h4 class=\"wp-block-heading\" id='anwendungsbeispiele'>P\u0159\u00edklady aplikac\u00ed<\/h4>\n\n<p>Konkr\u00e9tn\u00edm p\u0159\u00edkladem je supermarket se zelenou st\u0159echou, kter\u00fd otev\u0159ela skupina REWE ve Wiesbaden-Erbenheimu a kter\u00fd slou\u017e\u00ed jako pilotn\u00ed projekt pro v\u00fdstavbu efektivn\u011b vyu\u017e\u00edvaj\u00edc\u00ed zdroje. Takov\u00e9 projekty podporuj\u00ed p\u0159ijet\u00ed koncept\u016f zelen\u00e9 v\u00fdstavby a demonstruj\u00ed jejich pozitivn\u00ed dopad na \u017eivotn\u00ed prost\u0159ed\u00ed.<\/p>\n\n<h4 class=\"wp-block-heading\" id='zukuenftige-entwicklungen-und-forschung'>Budouc\u00ed v\u00fdvoj a v\u00fdzkum<\/h4>\n\n<p>V\u00fdzkum v oblasti koncept\u016f zelen\u00fdch budov pokra\u010duje. Neust\u00e1le se zkoumaj\u00ed nov\u00e9 technologie p\u00e9\u010de o rostliny, implementace koncept\u016f chytr\u00fdch m\u011bst a udr\u017eiteln\u00e9 materi\u00e1ly s c\u00edlem zv\u00fd\u0161it \u00fa\u010dinnost zelen\u00fdch st\u0159ech a st\u011bn.<\/p>\n\n<h2 class=\"wp-block-heading\" id='fazit-und-ausblick'>Z\u00e1v\u011br a v\u00fdhled<\/h2>\n\n<h3 class=\"wp-block-heading\" id='zusammenfassung-der-wichtigsten-punkte'>Shrnut\u00ed hlavn\u00edch bod\u016f<\/h3>\n\n<p>Zelen\u00e9 st\u0159echy a st\u011bny jsou z\u00e1kladn\u00ed sou\u010d\u00e1st\u00ed udr\u017eiteln\u00e9 v\u00fdstavby a nab\u00edzej\u00ed \u0159adu v\u00fdhod. Ekologick\u00e9, ekonomick\u00e9 a soci\u00e1ln\u00ed aspekty jsou kl\u00ed\u010dov\u00e9 pro kvalitu \u017eivota v m\u011bstsk\u00fdch oblastech. Jejich v\u00fdznam je podtr\u017een rostouc\u00edm rozvojem trhu, nebo\u0165 se o\u010dek\u00e1v\u00e1, \u017ee trh s koncepty zelen\u00fdch budov do roku 2030 vzroste na 74,9 miliard dolar\u016f.<\/p>\n\n<h3 class=\"wp-block-heading\" id='zukuenftige-trends-in-gruenen-baukonzepten-und-deren-bedeutung-fuer-die-umwelt'>Budouc\u00ed trendy v konceptech zelen\u00fdch budov a jejich v\u00fdznam pro \u017eivotn\u00ed prost\u0159ed\u00ed<\/h3>\n\n<p>Budoucnost koncept\u016f zelen\u00fdch budov se to\u010d\u00ed kolem inovac\u00ed. S pokrokem v technologi\u00edch pro zlep\u0161en\u00ed energetick\u00e9 \u00fa\u010dinnosti a v\u00fdvojem materi\u00e1l\u016f se jejich aplikace stane je\u0161t\u011b efektivn\u011bj\u0161\u00ed. M\u011bsta budou st\u00e1le v\u00edce zav\u00e1d\u011bt zelen\u00e9 strategie na podporu blahobytu obyvatel a z\u00e1rove\u0148 na sn\u00ed\u017een\u00ed dopadu na \u017eivotn\u00ed prost\u0159ed\u00ed.<\/p>\n\n<p>Zelen\u00e9 st\u0159echy a st\u011bny proto nejsou jen estetick\u00fdm vylep\u0161en\u00edm, ale tak\u00e9 nezbytnou reakc\u00ed na v\u00fdzvy m\u011bstsk\u00e9ho \u017eivota. V\u00fdznamn\u011b p\u0159isp\u00edvaj\u00ed k vytv\u00e1\u0159en\u00ed udr\u017eiteln\u00fdch obytn\u00fdch prostor a m\u011bly by b\u00fdt proto st\u00e1le v\u00edce vyu\u017e\u00edv\u00e1ny v urbanistick\u00e9m pl\u00e1nov\u00e1n\u00ed a v\u00fdstavb\u011b.<\/p>\n\n<p>Pro v\u00edce informac\u00ed o udr\u017eiteln\u00e9 v\u00fdstavb\u011b nav\u0161tivte <a href=\"https:\/\/www.dgnb.de\/de\/\" target=\"_blank\" rel=\"noopener\">ofici\u00e1ln\u00ed webov\u00e9 str\u00e1nky N\u011bmeck\u00e9 rady pro udr\u017eitelnou v\u00fdstavbu (DGNB)<\/a>M\u016f\u017eete tak\u00e9 <a href=\"https:\/\/allfixpro.de\/cs\/\">Allfixpro GmbH<\/a> Za\u017eijte vysoce kvalitn\u00ed stavbu bez kompromis\u016f. Zavolejte n\u00e1m je\u0161t\u011b dnes na \u010d\u00edslo +49 151 688 460 60 a zajist\u011bte si bezplatnou konzultaci!<\/p>\n\n<p>Allfixpro GmbH \u00b7 V\u00e1\u0161 partner pro sofistikovan\u00e9 interi\u00e9rov\u00e9 vybaven\u00ed.<\/p>","protected":false},"excerpt":{"rendered":"<p>Einleitung Gr\u00fcne D\u00e4cher und W\u00e4nde sind nicht nur \u00e4sthetisch ansprechend, sondern auch ein wichtiger Bestandteil der gr\u00fcnen Baukonzepte. Sie bieten<\/p>","protected":false},"author":1,"featured_media":0,"comment_status":"open","ping_status":"open","sticky":false,"template":"","format":"standard","meta":{"footnotes":""},"categories":[21],"tags":[126,80,127,91,128],"class_list":["post-883","post","type-post","status-publish","format-standard","hentry","category-nachhaltiges_bauen","tag-gruene-daecher","tag-nachhaltiges-bauen","tag-oekologische-vorteile","tag-ressourcenschonung","tag-urbanes-leben"],"_links":{"self":[{"href":"https:\/\/allfixpro.de\/cs\/wp-json\/wp\/v2\/posts\/883","targetHints":{"allow":["GET"]}}],"collection":[{"href":"https:\/\/allfixpro.de\/cs\/wp-json\/wp\/v2\/posts"}],"about":[{"href":"https:\/\/allfixpro.de\/cs\/wp-json\/wp\/v2\/types\/post"}],"author":[{"embeddable":true,"href":"https:\/\/allfixpro.de\/cs\/wp-json\/wp\/v2\/users\/1"}],"replies":[{"embeddable":true,"href":"https:\/\/allfixpro.de\/cs\/wp-json\/wp\/v2\/comments?post=883"}],"version-history":[{"count":1,"href":"https:\/\/allfixpro.de\/cs\/wp-json\/wp\/v2\/posts\/883\/revisions"}],"predecessor-version":[{"id":884,"href":"https:\/\/allfixpro.de\/cs\/wp-json\/wp\/v2\/posts\/883\/revisions\/884"}],"wp:attachment":[{"href":"https:\/\/allfixpro.de\/cs\/wp-json\/wp\/v2\/media?parent=883"}],"wp:term":[{"taxonomy":"category","embeddable":true,"href":"https:\/\/allfixpro.de\/cs\/wp-json\/wp\/v2\/categories?post=883"},{"taxonomy":"post_tag","embeddable":true,"href":"https:\/\/allfixpro.de\/cs\/wp-json\/wp\/v2\/tags?post=883"}],"curies":[{"name":"wp","href":"https:\/\/api.w.org\/{rel}","templated":true}]}}