{"id":885,"date":"2025-08-05T07:58:00","date_gmt":"2025-08-05T07:58:00","guid":{"rendered":"https:\/\/allfixpro.de\/?p=885"},"modified":"2025-08-01T21:45:33","modified_gmt":"2025-08-01T21:45:33","slug":"flexibilni-koncepty-budov","status":"publish","type":"post","link":"https:\/\/allfixpro.de\/cs\/flexible-baukonzepte\/","title":{"rendered":"11 d\u016fvod\u016f, pro\u010d flexibiln\u00ed konstruk\u010dn\u00ed koncepty v modul\u00e1rn\u00ed komer\u010dn\u00ed v\u00fdstavb\u011b nab\u00edzej\u00ed efektivitu a flexibilitu"},"content":{"rendered":"<h2 class=\"wp-block-heading\" id='modularer-gewerbebau-flexibilitaet-und-effizienz-in-der-umsetzung'>Modul\u00e1rn\u00ed komer\u010dn\u00ed v\u00fdstavba: flexibilita a efektivita p\u0159i realizaci<\/h2>\n\n<p>Flexibiln\u00ed konstruk\u010dn\u00ed koncepty nab\u00fdvaj\u00ed na v\u00fdznamu v komer\u010dn\u00ed v\u00fdstavb\u011b, proto\u017ee umo\u017e\u0148uj\u00ed firm\u00e1m rychle a efektivn\u011b reagovat na m\u011bn\u00edc\u00ed se tr\u017en\u00ed podm\u00ednky a rostouc\u00ed popt\u00e1vku. V dne\u0161n\u00ed rychle se rozv\u00edjej\u00edc\u00ed ekonomice je pro firmy z\u00e1sadn\u00ed navrhovat svou infrastrukturu flexibiln\u011b, aby byla zaji\u0161t\u011bna jak efektivita, tak i n\u00e1kladov\u00e1 efektivita. V tomto \u010dl\u00e1nku zkoum\u00e1me r\u016fzn\u00e9 aspekty modul\u00e1rn\u00ed v\u00fdstavby a jej\u00ed v\u00fdhody pro odv\u011btv\u00ed renovac\u00ed.<\/p>\n<nav id='rank-math-toc' class='custom-toc wp-block-rank-math-toc-block' role='navigation' aria-label='Obsah' style='margin: 20px 0;padding: 15px;background-color: #f9f9f9;border: 1px solid #ddd;border-radius: 5px'><h2 class='toc-title' style='margin: 0 0 16px 0;padding-bottom: 8px;font-size: 1.4em;font-weight: 600;color: #1f2937;border-bottom: 1px solid #ddd'>Obsah<\/h2><ul class='toc-list' style='list-style-type: \"\u2013 \";padding-left: 20px;margin: 0;max-height: 400px;position: relative;z-index: 1'><ul class='toc-sublist' style='list-style-type: \"\u2013 \";padding-left: 20px;margin: 0;max-height: 400px;position: relative;z-index: 1'><li class='toc-item toc-level-2' style='margin: 10px 0;line-height: 1.5'><a href='#modularer-gewerbebau-flexibilitaet-und-effizienz-in-der-umsetzung' class='toc-link' style='text-decoration: none;color: #374151;display: block;padding-left: 8px'>Modul\u00e1rn\u00ed komer\u010dn\u00ed v\u00fdstavba: flexibilita a efektivita p\u0159i realizaci<\/a><\/li><li class='toc-item toc-level-2' style='margin: 10px 0;line-height: 1.5'><a href='#inhaltsverzeichnis' class='toc-link' style='text-decoration: none;color: #374151;display: block;padding-left: 8px'>Obsah<\/a><ul class='toc-sublist' style='list-style-type: \"\u2013 \";padding-left: 20px;margin: 0;max-height: 400px;position: relative;z-index: 1'><li class='toc-item toc-level-3' style='margin: 10px 0;line-height: 1.5'><a href='#einleitung' class='toc-link' style='text-decoration: none;color: #374151;display: block;padding-left: 8px'>Zaveden\u00ed<\/a><\/li><li class='toc-item toc-level-3' style='margin: 10px 0;line-height: 1.5'><a href='#vorteile-modularer-baukonzepte' class='toc-link' style='text-decoration: none;color: #374151;display: block;padding-left: 8px'>V\u00fdhody modul\u00e1rn\u00edch konstruk\u010dn\u00edch koncept\u016f<\/a><ul class='toc-sublist' style='list-style-type: \"\u2013 \";padding-left: 20px;margin: 0;max-height: 400px;position: relative;z-index: 1'><li class='toc-item toc-level-4' style='margin: 10px 0;line-height: 1.5'><a href='#flexibilitaet-in-der-planung' class='toc-link' style='text-decoration: none;color: #374151;display: block;padding-left: 8px'>Flexibilita v pl\u00e1nov\u00e1n\u00ed<\/a><\/li><li class='toc-item toc-level-4' style='margin: 10px 0;line-height: 1.5'><a href='#effizienz-in-der-umsetzung' class='toc-link' style='text-decoration: none;color: #374151;display: block;padding-left: 8px'>Efektivita implementace<\/a><\/ul><\/li><\/ul><\/li><\/li><li class='toc-item toc-level-2' style='margin: 10px 0;line-height: 1.5'><a href='#technologien-und-materialien' class='toc-link' style='text-decoration: none;color: #374151;display: block;padding-left: 8px'>Technologie a materi\u00e1ly<\/a><ul class='toc-sublist' style='list-style-type: \"\u2013 \";padding-left: 20px;margin: 0;max-height: 400px;position: relative;z-index: 1'><li class='toc-item toc-level-3' style='margin: 10px 0;line-height: 1.5'><a href='#innovative-bauverfahren' class='toc-link' style='text-decoration: none;color: #374151;display: block;padding-left: 8px'>Inovativn\u00ed stavebn\u00ed metody<\/a><\/li><li class='toc-item toc-level-3' style='margin: 10px 0;line-height: 1.5'><a href='#nachhaltige-materialien-fuer-flexible-baukonzepte' class='toc-link' style='text-decoration: none;color: #374151;display: block;padding-left: 8px'>Udr\u017eiteln\u00e9 materi\u00e1ly pro flexibiln\u00ed stavebn\u00ed koncepty<\/a><\/ul><\/li><\/li><li class='toc-item toc-level-2' style='margin: 10px 0;line-height: 1.5'><a href='#anwendungsbeispiele-im-gewerblichen-sektor' class='toc-link' style='text-decoration: none;color: #374151;display: block;padding-left: 8px'>P\u0159\u00edklady pou\u017eit\u00ed v komer\u010dn\u00edm sektoru<\/a><ul class='toc-sublist' style='list-style-type: \"\u2013 \";padding-left: 20px;margin: 0;max-height: 400px;position: relative;z-index: 1'><li class='toc-item toc-level-3' style='margin: 10px 0;line-height: 1.5'><a href='#erfolgsgeschichten-aus-der-industrie' class='toc-link' style='text-decoration: none;color: #374151;display: block;padding-left: 8px'>\u00dasp\u011b\u0161n\u00e9 p\u0159\u00edb\u011bhy z oboru<\/a><\/li><li class='toc-item toc-level-3' style='margin: 10px 0;line-height: 1.5'><a href='#branchenspezifische-loesungen' class='toc-link' style='text-decoration: none;color: #374151;display: block;padding-left: 8px'>\u0158e\u0161en\u00ed specifick\u00e1 pro dan\u00e9 odv\u011btv\u00ed<\/a><\/ul><\/li><\/li><li class='toc-item toc-level-2' style='margin: 10px 0;line-height: 1.5'><a href='#herausforderungen-und-loesungsansaetze' class='toc-link' style='text-decoration: none;color: #374151;display: block;padding-left: 8px'>V\u00fdzvy a \u0159e\u0161en\u00ed<\/a><ul class='toc-sublist' style='list-style-type: \"\u2013 \";padding-left: 20px;margin: 0;max-height: 400px;position: relative;z-index: 1'><li class='toc-item toc-level-3' style='margin: 10px 0;line-height: 1.5'><a href='#maengel-in-der-standardisierung' class='toc-link' style='text-decoration: none;color: #374151;display: block;padding-left: 8px'>Nedostatky ve standardizaci<\/a><\/li><li class='toc-item toc-level-3' style='margin: 10px 0;line-height: 1.5'><a href='#integrationsprobleme-in-bestehende-infrastruktur' class='toc-link' style='text-decoration: none;color: #374151;display: block;padding-left: 8px'>Probl\u00e9my s integrac\u00ed do st\u00e1vaj\u00edc\u00ed infrastruktury<\/a><\/ul><\/li><\/li><li class='toc-item toc-level-2' style='margin: 10px 0;line-height: 1.5'><a href='#fazit-und-ausblick' class='toc-link' style='text-decoration: none;color: #374151;display: block;padding-left: 8px'>Z\u00e1v\u011br a v\u00fdhled<\/a><ul class='toc-sublist' style='list-style-type: \"\u2013 \";padding-left: 20px;margin: 0;max-height: 400px;position: relative;z-index: 1'><li class='toc-item toc-level-3' style='margin: 10px 0;line-height: 1.5'><a href='#zukunftsperspektiven-modularer-gewerbebauten' class='toc-link' style='text-decoration: none;color: #374151;display: block;padding-left: 8px'>Budouc\u00ed vyhl\u00eddky modul\u00e1rn\u00edch komer\u010dn\u00edch budov<\/a><\/li><li class='toc-item toc-level-3' style='margin: 10px 0;line-height: 1.5'><a href='#empfehlungen-fuer-fachleute' class='toc-link' style='text-decoration: none;color: #374151;display: block;padding-left: 8px'>Doporu\u010den\u00ed pro profesion\u00e1ly<\/a><\/li><\/ul><\/li><\/ul><\/li><\/ul><\/nav>\n\n\n<h2 class=\"wp-block-heading\" id='inhaltsverzeichnis'>Obsah<\/h2>\n\n<h3 class=\"wp-block-heading\" id='einleitung'>Zaveden\u00ed<\/h3>\n<p>Modul\u00e1rn\u00ed komer\u010dn\u00ed v\u00fdstavba ozna\u010duje pou\u017eit\u00ed prefabrikovan\u00fdch modul\u016f, kter\u00e9 jsou kombinov\u00e1ny do kompletn\u00ed budovy. Tato metoda umo\u017e\u0148uje firm\u00e1m realizovat jejich stavebn\u00ed projekty v\u00fdrazn\u011b rychleji a n\u00e1kladov\u011b efektivn\u011bji. V pr\u016fmyslov\u00fdch rekonstrukc\u00edch je dnes d\u016fle\u017eitost flexibility a efektivity nezpochybniteln\u00e1.<\/p>\n\n<h3 class=\"wp-block-heading\" id='vorteile-modularer-baukonzepte'>V\u00fdhody modul\u00e1rn\u00edch konstruk\u010dn\u00edch koncept\u016f<\/h3>\n\n<h4 class=\"wp-block-heading\" id='flexibilitaet-in-der-planung'>Flexibilita v pl\u00e1nov\u00e1n\u00ed<\/h4>\n<p>Z\u00e1sadn\u00ed v\u00fdhodou modul\u00e1rn\u00ed v\u00fdstavby je flexibilita v pl\u00e1nov\u00e1n\u00ed. Firmy mohou p\u0159izp\u016fsobit sv\u00e9 prostory budouc\u00edm po\u017eadavk\u016fm bez nutnosti rozs\u00e1hl\u00e9 nov\u00e9 v\u00fdstavby. Toho je dosa\u017eeno mimo jin\u00e9:<\/p>\n<ul class=\"wp-block-list\"><li>Mo\u017enost roz\u0161\u00ed\u0159en\u00ed st\u00e1vaj\u00edc\u00edch modul\u016f nebo p\u0159id\u00e1n\u00ed nov\u00fdch modul\u016f.<\/li><li>Flexibiln\u00ed design m\u00edstnosti, kter\u00fd umo\u017e\u0148uje snadn\u00e9 zm\u011bny v uspo\u0159\u00e1d\u00e1n\u00ed a vyu\u017eit\u00ed m\u00edstnosti.<\/li><li>Vytvo\u0159en\u00ed specifick\u00fdch modul\u016f, kter\u00e9 spl\u0148uj\u00ed individu\u00e1ln\u00ed pot\u0159eby spole\u010dnosti.<\/li><\/ul>\n\n<h4 class=\"wp-block-heading\" id='effizienz-in-der-umsetzung'>Efektivita implementace<\/h4>\n<p>Modul\u00e1rn\u00ed konstrukce vede nejen k v\u011bt\u0161\u00ed flexibilit\u011b, ale tak\u00e9 k v\u00fdznamn\u00e9 efektivit\u011b implementace. Prefabrikace modul\u016f v kontrolovan\u00e9m prost\u0159ed\u00ed umo\u017e\u0148uje v\u00fdrazn\u00e9 zkr\u00e1cen\u00ed doby v\u00fdstavby:<\/p>\n<ul class=\"wp-block-list\"><li>Projekty lze \u010dasto dokon\u010dit a\u017e o 50 % rychleji ne\u017e s tradi\u010dn\u00edmi stavebn\u00edmi metodami.<\/li><li>Sou\u010dasn\u00e1 p\u0159\u00edprava staveni\u0161t\u011b a v\u00fdroba modul\u016f zkracuje pot\u0159ebn\u00fd \u010das.<\/li><li>N\u00e1kladov\u00e9 efektivity se dosahuje standardizac\u00ed proces\u016f a optim\u00e1ln\u00edm vyu\u017eit\u00edm materi\u00e1l\u016f.<\/li><\/ul>\n\n<h2 class=\"wp-block-heading\" id='technologien-und-materialien'>Technologie a materi\u00e1ly<\/h2>\n\n<h3 class=\"wp-block-heading\" id='innovative-bauverfahren'>Inovativn\u00ed stavebn\u00ed metody<\/h3>\n<p>Zav\u00e1d\u011bn\u00ed inovativn\u00edch stavebn\u00edch metod je kl\u00ed\u010dov\u00fdm aspektem modul\u00e1rn\u00ed v\u00fdstavby. Obzvl\u00e1\u0161t\u011b pozoruhodn\u00e1 je prefabrikace a digitalizace v procesu v\u00fdstavby, proto\u017ee maj\u00ed v\u00fdznamn\u00fd vliv na efektivitu a kvalitu:<\/p>\n<ul class=\"wp-block-list\"><li>PREFBRIKACE: Moduly se vyr\u00e1b\u011bj\u00ed p\u0159edem v d\u00edln\u00e1ch, co\u017e minimalizuje dobu v\u00fdstavby na m\u00edst\u011b.<\/li><li>DIGITALIZACE: Vyu\u017eit\u00ed informa\u010dn\u00edho modelov\u00e1n\u00ed budov (BIM) umo\u017e\u0148uje p\u0159esn\u00e9 pl\u00e1nov\u00e1n\u00ed a vizualizaci stavebn\u00edch projekt\u016f.<\/li><li>Automatizace ve v\u00fdrobn\u00edm procesu zlep\u0161uje zaji\u0161t\u011bn\u00ed kvality a zvy\u0161uje efektivitu.<\/li><\/ul>\n\n<h3 class=\"wp-block-heading\" id='nachhaltige-materialien-fuer-flexible-baukonzepte'>Udr\u017eiteln\u00e9 materi\u00e1ly pro flexibiln\u00ed stavebn\u00ed koncepty<\/h3>\n<p>Udr\u017eitelnost hraje ve stavebnictv\u00ed st\u00e1le d\u016fle\u017eit\u011bj\u0161\u00ed roli. Modul\u00e1rn\u00ed budovy se \u010dasto vyr\u00e1b\u011bj\u00ed z opakovan\u011b pou\u017eiteln\u00fdch materi\u00e1l\u016f, kter\u00e9 \u0161et\u0159\u00ed zdroje. Mezi d\u016fle\u017eit\u00e9 aspekty pat\u0159\u00ed:<\/p>\n<ul class=\"wp-block-list\"><li>V\u00fdb\u011br ekologick\u00fdch materi\u00e1l\u016f, kter\u00e9 sni\u017euj\u00ed ekologickou stopu.<\/li><li>Schopnost demontovat moduly v p\u0159\u00edpad\u011b pot\u0159eby a znovu je pou\u017e\u00edt jinde, co\u017e podporuje ob\u011bhov\u00e9 hospod\u00e1\u0159stv\u00ed.<\/li><li>Anal\u00fdza n\u00e1klad\u016f \u017eivotn\u00edho cyklu, kter\u00e1 zahrnuje nejen po\u010d\u00e1te\u010dn\u00ed n\u00e1klady na v\u00fdstavbu, ale tak\u00e9 dlouhodob\u00e9 u\u017e\u00edv\u00e1n\u00ed a \u00fadr\u017ebu.<\/li><\/ul>\n\n<h2 class=\"wp-block-heading\" id='anwendungsbeispiele-im-gewerblichen-sektor'>P\u0159\u00edklady pou\u017eit\u00ed v komer\u010dn\u00edm sektoru<\/h2>\n\n<h3 class=\"wp-block-heading\" id='erfolgsgeschichten-aus-der-industrie'>\u00dasp\u011b\u0161n\u00e9 p\u0159\u00edb\u011bhy z oboru<\/h3>\n<p>V\u00fdhody modul\u00e1rn\u00ed v\u00fdstavby jsou p\u016fsobiv\u011b demonstrov\u00e1ny v r\u016fzn\u00fdch p\u0159\u00edpadov\u00fdch studi\u00edch z r\u016fzn\u00fdch odv\u011btv\u00ed. Jedn\u00edm z p\u0159\u00edklad\u016f je komplexn\u00ed reziden\u010dn\u00ed projekt ve \u0160v\u00e9dsku, kter\u00fd vyu\u017e\u00edval BIM pro pl\u00e1nov\u00e1n\u00ed a v\u00fdrobu:<\/p>\n<ul class=\"wp-block-list\"><li>D\u00edky p\u0159esn\u00e9 koordinaci a prefabrikaci se doba v\u00fdstavby zkr\u00e1tila p\u0159ibli\u017en\u011b o 40 %.<\/li><li>N\u00e1klady byly sn\u00ed\u017eeny tak\u00e9 d\u00edky efektivn\u00edmu vyu\u017e\u00edv\u00e1n\u00ed zdroj\u016f.<\/li><\/ul>\n<p>Tyto \u00fasp\u011bchy ukazuj\u00ed, jak efektivn\u011b lze modul\u00e1rn\u00ed koncepty implementovat v praxi.<\/p>\n\n<h3 class=\"wp-block-heading\" id='branchenspezifische-loesungen'>\u0158e\u0161en\u00ed specifick\u00e1 pro dan\u00e9 odv\u011btv\u00ed<\/h3>\n<p>Modul\u00e1rn\u00ed komer\u010dn\u00ed v\u00fdstavba nab\u00edz\u00ed v\u0161estrann\u00e1 \u0159e\u0161en\u00ed, kter\u00e1 \u0159e\u0161\u00ed specifika r\u016fzn\u00fdch odv\u011btv\u00ed. Mezi p\u0159\u00edklady pat\u0159\u00ed:<\/p>\n<ul class=\"wp-block-list\"><li>Logistick\u00e9 a skladovac\u00ed prostory, kter\u00e9 lze rychle adaptovat a roz\u0161i\u0159ovat.<\/li><li>Kancel\u00e1\u0159sk\u00e9 koncepty a coworkingov\u00e9 prostory, kter\u00e9 podporuj\u00ed modern\u00ed pr\u00e1ci.<\/li><\/ul>\n\n<h2 class=\"wp-block-heading\" id='herausforderungen-und-loesungsansaetze'>V\u00fdzvy a \u0159e\u0161en\u00ed<\/h2>\n\n<h3 class=\"wp-block-heading\" id='maengel-in-der-standardisierung'>Nedostatky ve standardizaci<\/h3>\n<p>Navzdory mnoha v\u00fdhod\u00e1m \u010del\u00ed modul\u00e1rn\u00ed v\u00fdstavba i v\u00fdzv\u00e1m. D\u016fle\u017eitou ot\u00e1zkou je standardizace. Zde hraj\u00ed roli n\u00e1sleduj\u00edc\u00ed aspekty:<\/p>\n<ul class=\"wp-block-list\"><li>Zaji\u0161t\u011bn\u00ed kvality ve v\u00fdrob\u011b mus\u00ed b\u00fdt p\u0159\u00edsn\u011b sledov\u00e1no, aby byla zaji\u0161t\u011bna konzistentn\u00ed \u00farove\u0148.<\/li><li>Rovnov\u00e1ha mezi p\u0159izp\u016fsoben\u00edm a hromadnou v\u00fdrobou je kl\u00ed\u010dov\u00e1 pro zachov\u00e1n\u00ed flexibility designu.<\/li><\/ul>\n\n<h3 class=\"wp-block-heading\" id='integrationsprobleme-in-bestehende-infrastruktur'>Probl\u00e9my s integrac\u00ed do st\u00e1vaj\u00edc\u00ed infrastruktury<\/h3>\n<p>Dal\u0161\u00edm probl\u00e9mem jsou probl\u00e9my s integrac\u00ed do st\u00e1vaj\u00edc\u00ed infrastruktury. Bezprobl\u00e9mov\u00fd p\u0159echod na st\u00e1vaj\u00edc\u00ed stavebn\u00ed projekty vy\u017eaduje pe\u010dliv\u00e9 pl\u00e1nov\u00e1n\u00ed:<\/p>\n<ul class=\"wp-block-list\"><li>Rozhran\u00ed mezi nov\u00fdmi moduly a star\u00fdmi strukturami mus\u00ed b\u00fdt pe\u010dliv\u011b navr\u017eena.<\/li><li>Pl\u00e1nov\u00e1n\u00ed p\u0159echodu vy\u017eaduje \u00fazkou komunikaci a spolupr\u00e1ci se v\u0161emi z\u00fa\u010dastn\u011bn\u00fdmi stranami.<\/li><\/ul>\n\n<h2 class=\"wp-block-heading\" id='fazit-und-ausblick'>Z\u00e1v\u011br a v\u00fdhled<\/h2>\n\n<h3 class=\"wp-block-heading\" id='zukunftsperspektiven-modularer-gewerbebauten'>Budouc\u00ed vyhl\u00eddky modul\u00e1rn\u00edch komer\u010dn\u00edch budov<\/h3>\n<p>Modul\u00e1rn\u00ed konstrukce m\u00e1 potenci\u00e1l z\u00e1sadn\u011b transformovat stavebnictv\u00ed. Trendy nazna\u010duj\u00ed, \u017ee popt\u00e1vka po flexibiln\u00edch stavebn\u00edch konceptech bude i nad\u00e1le r\u016fst, jeliko\u017e se firmy v budoucnu budou je\u0161t\u011b v\u00edce spol\u00e9hat na adaptabilitu. Ve st\u00e1le dynami\u010dt\u011bj\u0161\u00edm obchodn\u00edm sv\u011bt\u011b se od firem vy\u017eaduje, aby proaktivn\u011b \u0159\u00eddily zm\u011bny.<\/p>\n\n<h3 class=\"wp-block-heading\" id='empfehlungen-fuer-fachleute'>Doporu\u010den\u00ed pro profesion\u00e1ly<\/h3>\n<p>Pro profesion\u00e1ly v oblasti rekonstrukc\u00ed je d\u016fle\u017eit\u00e9 v\u00e1\u017en\u011b zv\u00e1\u017eit modul\u00e1rn\u00ed konstruk\u010dn\u00ed koncepty. Mezi doporu\u010den\u00e9 strategie pat\u0159\u00ed:<\/p>\n<ul class=\"wp-block-list\"><li>Implementace osv\u011bd\u010den\u00fdch postup\u016f pro pou\u017e\u00edv\u00e1n\u00ed modul\u00e1rn\u00edch koncept\u016f v sou\u010dasn\u00fdch i budouc\u00edch projektech.<\/li><li>\u0160kolen\u00ed a dal\u0161\u00ed vzd\u011bl\u00e1v\u00e1n\u00ed zam\u011bstnanc\u016f v oblasti pou\u017e\u00edv\u00e1n\u00ed modern\u00edch technologi\u00ed, jako je BIM a IoT.<\/li><\/ul>\n\n<p>S Allfixpro z\u00edsk\u00e1te prvot\u0159\u00eddn\u00ed pr\u00e1ci za f\u00e9rovou cenu \u2013 zaru\u010den\u011b v\u010das. Vysoce kvalitn\u00ed materi\u00e1ly a certifikovan\u00e9 postupy tvo\u0159\u00ed z\u00e1klad profesion\u00e1ln\u00edch v\u00fdsledk\u016f. Transparentn\u00ed cenov\u00e9 nab\u00eddky bez skryt\u00fdch n\u00e1klad\u016f zaji\u0161\u0165uj\u00ed pl\u00e1nov\u00e1n\u00ed va\u0161eho rozpo\u010dtu. Z\u00e1vazn\u00e9 term\u00edny a denn\u00ed zpr\u00e1vy o pr\u016fb\u011bhu prac\u00ed zaji\u0161\u0165uj\u00ed dodr\u017eov\u00e1n\u00ed harmonogram\u016f. S v\u00edce ne\u017e 300 dokon\u010den\u00fdmi projekty v N\u011bmecku sv\u011bd\u010d\u00edme o na\u0161\u00ed spolehlivosti. Zavolejte n\u00e1m je\u0161t\u011b dnes na \u010d\u00edslo +49 151 688 460 60 a zajist\u011bte si bezplatnou konzultaci!<\/p>\n\n<footer>\n    Allfixpro GmbH \u00b7 V\u00e1\u0161 partner pro sofistikovan\u00e9 interi\u00e9rov\u00e9 vybaven\u00ed.\n<\/footer>","protected":false},"excerpt":{"rendered":"<p>Modularer Gewerbebau: Flexibilit\u00e4t und Effizienz in der Umsetzung Flexible Baukonzepte gewinnen im Gewerbebau zunehmend an Bedeutung, da sie es Unternehmen<\/p>","protected":false},"author":1,"featured_media":0,"comment_status":"open","ping_status":"open","sticky":false,"template":"","format":"standard","meta":{"footnotes":""},"categories":[1],"tags":[130,95,129,75,131],"class_list":["post-885","post","type-post","status-publish","format-standard","hentry","category-industrie_sanierung","tag-baukonzepte","tag-effizienz","tag-flexibilitaet","tag-gewerbebau","tag-marktbedingungen"],"_links":{"self":[{"href":"https:\/\/allfixpro.de\/cs\/wp-json\/wp\/v2\/posts\/885","targetHints":{"allow":["GET"]}}],"collection":[{"href":"https:\/\/allfixpro.de\/cs\/wp-json\/wp\/v2\/posts"}],"about":[{"href":"https:\/\/allfixpro.de\/cs\/wp-json\/wp\/v2\/types\/post"}],"author":[{"embeddable":true,"href":"https:\/\/allfixpro.de\/cs\/wp-json\/wp\/v2\/users\/1"}],"replies":[{"embeddable":true,"href":"https:\/\/allfixpro.de\/cs\/wp-json\/wp\/v2\/comments?post=885"}],"version-history":[{"count":1,"href":"https:\/\/allfixpro.de\/cs\/wp-json\/wp\/v2\/posts\/885\/revisions"}],"predecessor-version":[{"id":886,"href":"https:\/\/allfixpro.de\/cs\/wp-json\/wp\/v2\/posts\/885\/revisions\/886"}],"wp:attachment":[{"href":"https:\/\/allfixpro.de\/cs\/wp-json\/wp\/v2\/media?parent=885"}],"wp:term":[{"taxonomy":"category","embeddable":true,"href":"https:\/\/allfixpro.de\/cs\/wp-json\/wp\/v2\/categories?post=885"},{"taxonomy":"post_tag","embeddable":true,"href":"https:\/\/allfixpro.de\/cs\/wp-json\/wp\/v2\/tags?post=885"}],"curies":[{"name":"wp","href":"https:\/\/api.w.org\/{rel}","templated":true}]}}