{"id":887,"date":"2025-08-08T19:03:00","date_gmt":"2025-08-08T19:03:00","guid":{"rendered":"https:\/\/allfixpro.de\/?p=887"},"modified":"2025-08-05T07:59:57","modified_gmt":"2025-08-05T07:59:57","slug":"udrzitelna-kvalita-bydleni","status":"publish","type":"post","link":"https:\/\/allfixpro.de\/cs\/nachhaltige-wohnqualitaet\/","title":{"rendered":"Udr\u017eiteln\u00e1 kvalita bydlen\u00ed: Jak udr\u017eiteln\u00e1 architektura zlep\u0161uje na\u0161e \u017eivoty"},"content":{"rendered":"<h2 class=\"wp-block-heading\" id='der-einfluss-von-nachhaltiger-architektur-auf-die-lebensqualitaet'>Dopad udr\u017eiteln\u00e9 architektury na kvalitu \u017eivota<\/h2>\n\n<p>Udr\u017eiteln\u00e1 kvalita bydlen\u00ed je v dne\u0161n\u00edm stavebnictv\u00ed \u00fast\u0159edn\u00edm t\u00e9matem a ovliv\u0148uje jak kvalitu \u017eivota obyvatel, tak i \u017eivotn\u00ed prost\u0159ed\u00ed. Udr\u017eiteln\u00e1 architektura je p\u0159\u00edstup, kter\u00fd kombinuje ekologick\u00e9, ekonomick\u00e9 a soci\u00e1ln\u00ed aspekty a vytv\u00e1\u0159\u00ed tak budovy, kter\u00e9 jsou \u0161etrn\u00e9 k \u017eivotn\u00edmu prost\u0159ed\u00ed a zdrav\u00e9. Tento typ v\u00fdstavby nab\u00fdv\u00e1 na v\u00fdznamu, zejm\u00e9na v posledn\u00edch letech, kdy neust\u00e1le roste pov\u011bdom\u00ed o ochran\u011b \u017eivotn\u00edho prost\u0159ed\u00ed a kvalit\u011b \u017eivota.<\/p>\n<nav id='rank-math-toc' class='custom-toc wp-block-rank-math-toc-block' role='navigation' aria-label='Obsah' style='margin: 20px 0;padding: 15px;background-color: #f9f9f9;border: 1px solid #ddd;border-radius: 5px'><h2 class='toc-title' style='margin: 0 0 16px 0;padding-bottom: 8px;font-size: 1.4em;font-weight: 600;color: #1f2937;border-bottom: 1px solid #ddd'>Obsah<\/h2><ul class='toc-list' style='list-style-type: \"\u2013 \";padding-left: 20px;margin: 0;max-height: 400px;position: relative;z-index: 1'><ul class='toc-sublist' style='list-style-type: \"\u2013 \";padding-left: 20px;margin: 0;max-height: 400px;position: relative;z-index: 1'><li class='toc-item toc-level-2' style='margin: 10px 0;line-height: 1.5'><a href='#der-einfluss-von-nachhaltiger-architektur-auf-die-lebensqualitaet' class='toc-link' style='text-decoration: none;color: #374151;display: block;padding-left: 8px'>Dopad udr\u017eiteln\u00e9 architektury na kvalitu \u017eivota<\/a><\/li><li class='toc-item toc-level-2' style='margin: 10px 0;line-height: 1.5'><a href='#grundlagen-der-nachhaltigen-architektur' class='toc-link' style='text-decoration: none;color: #374151;display: block;padding-left: 8px'>Z\u00e1klady udr\u017eiteln\u00e9 architektury<\/a><ul class='toc-sublist' style='list-style-type: \"\u2013 \";padding-left: 20px;margin: 0;max-height: 400px;position: relative;z-index: 1'><li class='toc-item toc-level-3' style='margin: 10px 0;line-height: 1.5'><a href='#prinzipien-der-nachhaltigen-bauweise' class='toc-link' style='text-decoration: none;color: #374151;display: block;padding-left: 8px'>Z\u00e1sady udr\u017eiteln\u00e9 v\u00fdstavby<\/a><\/li><li class='toc-item toc-level-3' style='margin: 10px 0;line-height: 1.5'><a href='#materialien-und-technologien-der-nachhaltigen-architektur' class='toc-link' style='text-decoration: none;color: #374151;display: block;padding-left: 8px'>Materi\u00e1ly a technologie udr\u017eiteln\u00e9 architektury<\/a><\/ul><\/li><\/li><li class='toc-item toc-level-2' style='margin: 10px 0;line-height: 1.5'><a href='#der-zusammenhang-zwischen-nachhaltiger-architektur-und-lebensqualitaet' class='toc-link' style='text-decoration: none;color: #374151;display: block;padding-left: 8px'>Souvislost mezi udr\u017eitelnou architekturou a kvalitou \u017eivota<\/a><ul class='toc-sublist' style='list-style-type: \"\u2013 \";padding-left: 20px;margin: 0;max-height: 400px;position: relative;z-index: 1'><li class='toc-item toc-level-3' style='margin: 10px 0;line-height: 1.5'><a href='#physische-aspekte-raumgestaltung-und-umweltintegration' class='toc-link' style='text-decoration: none;color: #374151;display: block;padding-left: 8px'>Fyzick\u00e9 aspekty: prostorov\u00fd design a integrace do prost\u0159ed\u00ed<\/a><\/li><li class='toc-item toc-level-3' style='margin: 10px 0;line-height: 1.5'><a href='#psychologische-aspekte-einfluss-von-design-auf-das-wohlbefinden' class='toc-link' style='text-decoration: none;color: #374151;display: block;padding-left: 8px'>Psychologick\u00e9 aspekty: Vliv designu na pohodu<\/a><\/ul><\/li><\/li><li class='toc-item toc-level-2' style='margin: 10px 0;line-height: 1.5'><a href='#nachhaltige-wohnqualitaet-in-der-praxis' class='toc-link' style='text-decoration: none;color: #374151;display: block;padding-left: 8px'>Udr\u017eiteln\u00e1 kvalita \u017eivota v praxi<\/a><ul class='toc-sublist' style='list-style-type: \"\u2013 \";padding-left: 20px;margin: 0;max-height: 400px;position: relative;z-index: 1'><li class='toc-item toc-level-3' style='margin: 10px 0;line-height: 1.5'><a href='#beispiele-erfolgreicher-nachhaltiger-bauprojekte' class='toc-link' style='text-decoration: none;color: #374151;display: block;padding-left: 8px'>P\u0159\u00edklady \u00fasp\u011b\u0161n\u00fdch projekt\u016f udr\u017eiteln\u00e9 v\u00fdstavby<\/a><\/li><li class='toc-item toc-level-3' style='margin: 10px 0;line-height: 1.5'><a href='#nutzerfeedback-und-nutzererfahrungen-wie-bewohner-nachhaltige-wohnqualitaet-wahrnehmen' class='toc-link' style='text-decoration: none;color: #374151;display: block;padding-left: 8px'>Zp\u011btn\u00e1 vazba a zku\u0161enosti u\u017eivatel\u016f: Jak obyvatel\u00e9 vn\u00edmaj\u00ed udr\u017eitelnou kvalitu bydlen\u00ed<\/a><\/ul><\/li><\/li><li class='toc-item toc-level-2' style='margin: 10px 0;line-height: 1.5'><a href='#herausforderungen-und-zukuenftige-entwicklungen' class='toc-link' style='text-decoration: none;color: #374151;display: block;padding-left: 8px'>V\u00fdzvy a budouc\u00ed v\u00fdvoj<\/a><ul class='toc-sublist' style='list-style-type: \"\u2013 \";padding-left: 20px;margin: 0;max-height: 400px;position: relative;z-index: 1'><li class='toc-item toc-level-3' style='margin: 10px 0;line-height: 1.5'><a href='#barrieren-fuer-nachhaltige-architektur' class='toc-link' style='text-decoration: none;color: #374151;display: block;padding-left: 8px'>P\u0159ek\u00e1\u017eky udr\u017eiteln\u00e9 architektury<\/a><\/li><li class='toc-item toc-level-3' style='margin: 10px 0;line-height: 1.5'><a href='#zukuenftige-trends-in-der-nachhaltigen-bauweise-und-deren-auswirkungen-auf-die-lebensqualitaet' class='toc-link' style='text-decoration: none;color: #374151;display: block;padding-left: 8px'>Budouc\u00ed trendy v udr\u017eiteln\u00e9 v\u00fdstavb\u011b a jejich dopad na kvalitu \u017eivota<\/a><\/ul><\/li><\/li><li class='toc-item toc-level-2' style='margin: 10px 0;line-height: 1.5'><a href='#fazit' class='toc-link' style='text-decoration: none;color: #374151;display: block;padding-left: 8px'>Z\u00e1v\u011br<\/a><\/li><\/ul><\/li><\/ul><\/nav>\n\n\n<h2 class=\"wp-block-heading\" id='grundlagen-der-nachhaltigen-architektur'>Z\u00e1klady udr\u017eiteln\u00e9 architektury<\/h2>\n\n<h3 class=\"wp-block-heading\" id='prinzipien-der-nachhaltigen-bauweise'>Z\u00e1sady udr\u017eiteln\u00e9 v\u00fdstavby<\/h3>\n\n<p>Udr\u017eiteln\u00e1 architektura je zalo\u017eena na ur\u010dit\u00fdch principech zam\u011b\u0159en\u00fdch na minimalizaci ekologick\u00e9 stopy a ochranu p\u0159\u00edrodn\u00edch zdroj\u016f. Mezi tyto principy pat\u0159\u00ed:<\/p>\n\n<ul class=\"wp-block-list\"><li>Ochrana zdroj\u016f: Pou\u017e\u00edv\u00e1n\u00ed udr\u017eiteln\u00fdch materi\u00e1l\u016f a technik, kter\u00e9 sni\u017euj\u00ed spot\u0159ebu zdroj\u016f.<\/li><li>Energetick\u00e1 \u00fa\u010dinnost: Vyu\u017e\u00edv\u00e1n\u00ed energeticky \u00fasporn\u00fdch technologi\u00ed, jako jsou sol\u00e1rn\u00ed panely a dobr\u00e1 izolace, ke sn\u00ed\u017een\u00ed spot\u0159eby energie.<\/li><li>Udr\u017eiteln\u00e9 pl\u00e1nov\u00e1n\u00ed: Zohledn\u011bn\u00ed \u017eivotn\u00edho prost\u0159ed\u00ed a kvality \u017eivota u\u017eivatel\u016f p\u0159i navrhov\u00e1n\u00ed budov.<\/li><li>Denn\u00ed osv\u011btlen\u00ed: Maximalizace p\u0159irozen\u00e9ho sv\u011btla pro sn\u00ed\u017een\u00ed pot\u0159eby um\u011bl\u00e9ho osv\u011btlen\u00ed.<\/li><\/ul>\n\n<h3 class=\"wp-block-heading\" id='materialien-und-technologien-der-nachhaltigen-architektur'>Materi\u00e1ly a technologie udr\u017eiteln\u00e9 architektury<\/h3>\n\n<p>V\u00fdb\u011br spr\u00e1vn\u00fdch materi\u00e1l\u016f je kl\u00ed\u010dov\u00fd pro realizaci udr\u017eiteln\u00e9 architektury. \u0160iroce se pou\u017e\u00edvaj\u00ed ekologick\u00e9 materi\u00e1ly, jako jsou recyklovan\u00e9 l\u00e1tky, m\u00edstn\u00ed zdroje a udr\u017eiteln\u00e9 d\u0159ev\u011bn\u00e9 v\u00fdrobky. Mezi technologie, kter\u00e9 spadaj\u00ed pod aspekt udr\u017eitelnosti, pat\u0159\u00ed:<\/p>\n\n<ul class=\"wp-block-list\"><li>Sol\u00e1rn\u00ed energetick\u00e9 syst\u00e9my pro v\u00fdrobu elekt\u0159iny.<\/li><li>Geoterm\u00e1ln\u00ed topn\u00e9 a chladic\u00ed syst\u00e9my pro energeticky \u00faspornou klimatizaci.<\/li><li>Za\u0159\u00edzen\u00ed na \u00fasporu vody a syst\u00e9my na zachycov\u00e1n\u00ed de\u0161\u0165ov\u00e9 vody.<\/li><\/ul>\n\n<h2 class=\"wp-block-heading\" id='der-zusammenhang-zwischen-nachhaltiger-architektur-und-lebensqualitaet'>Souvislost mezi udr\u017eitelnou architekturou a kvalitou \u017eivota<\/h2>\n\n<h3 class=\"wp-block-heading\" id='physische-aspekte-raumgestaltung-und-umweltintegration'>Fyzick\u00e9 aspekty: prostorov\u00fd design a integrace do prost\u0159ed\u00ed<\/h3>\n\n<p>Fyzick\u00fd design prostoru m\u00e1 p\u0159\u00edm\u00fd dopad na pohodu jeho obyvatel. Tyto aspekty byly intenzivn\u011b studov\u00e1ny v oblasti udr\u017eiteln\u00e9 architektury. Pou\u017eit\u00ed ekologick\u00fdch materi\u00e1l\u016f a energeticky \u00fasporn\u00fdch n\u00e1vrh\u016f m\u00e1 n\u00e1sleduj\u00edc\u00ed \u00fa\u010dinky:<\/p>\n\n<ul class=\"wp-block-list\"><li>Zlep\u0161en\u00ed kvality ovzdu\u0161\u00ed d\u00edky p\u0159irozen\u00e9mu v\u011btr\u00e1n\u00ed.<\/li><li>Sn\u00ed\u017een\u00ed r\u016fstu pl\u00edsn\u00ed d\u00edky optim\u00e1ln\u00ed regulaci vlhkosti.<\/li><li>Ochrana p\u0159ed hlukem d\u00edky n\u011bkolika vrstv\u00e1m izola\u010dn\u00edch materi\u00e1l\u016f a speci\u00e1ln\u011b navr\u017een\u00fdm okn\u016fm.<\/li><\/ul>\n\n<h3 class=\"wp-block-heading\" id='psychologische-aspekte-einfluss-von-design-auf-das-wohlbefinden'>Psychologick\u00e9 aspekty: Vliv designu na pohodu<\/h3>\n\n<p>Psychologick\u00e9 studie uk\u00e1zaly, \u017ee design obytn\u00fdch prostor m\u016f\u017ee v\u00fdznamn\u011b ovlivnit pohodu lid\u00ed. Aspekty jako nap\u0159\u00edklad:<\/p>\n\n<ul class=\"wp-block-list\"><li>P\u0159\u00edstup k p\u0159\u00edrodn\u00edm prvk\u016fm, jako jsou rostliny a voda.<\/li><li>Dostatek denn\u00edho sv\u011btla pro zlep\u0161en\u00ed n\u00e1lady a zv\u00fd\u0161en\u00ed produktivity.<\/li><li>Zelen\u00e9 v\u00fdhledy, kter\u00e9 sni\u017euj\u00ed stres a podporuj\u00ed hojen\u00ed ve zdravotnick\u00fdch za\u0159\u00edzen\u00edch.<\/li><\/ul>\n\n<p>Tyto prvky nejsou jen estetick\u00e9, ale tak\u00e9 v\u00fdznamn\u011b p\u0159isp\u00edvaj\u00ed k udr\u017eiteln\u00e9 kvalit\u011b \u017eivota t\u00edm, \u017ee podporuj\u00ed pocit spojen\u00ed s p\u0159\u00edrodou.<\/p>\n\n<h2 class=\"wp-block-heading\" id='nachhaltige-wohnqualitaet-in-der-praxis'>Udr\u017eiteln\u00e1 kvalita \u017eivota v praxi<\/h2>\n\n<h3 class=\"wp-block-heading\" id='beispiele-erfolgreicher-nachhaltiger-bauprojekte'>P\u0159\u00edklady \u00fasp\u011b\u0161n\u00fdch projekt\u016f udr\u017eiteln\u00e9 v\u00fdstavby<\/h3>\n\n<p>Existuje mnoho p\u0159\u00edklad\u016f \u00fasp\u011b\u0161n\u00fdch projekt\u016f udr\u017eiteln\u00e9 v\u00fdstavby, kter\u00e9 p\u016fsobiv\u011b demonstruj\u00ed, jak lze udr\u017eitelnou architekturu realizovat v praxi. Mezi tyto p\u0159\u00edklady pat\u0159\u00ed:<\/p>\n\n<ul class=\"wp-block-list\"><li>\u201eECO-METRO\u201c v Mnichov\u011b, kter\u00e9 se vyzna\u010duje inovativn\u00edmi stavebn\u00edmi technologiemi a zelenou fas\u00e1dou.<\/li><li>\u201eOne Central Park\u201c v Sydney, kter\u00fd podporuje biodiverzitu pomoc\u00ed zelen\u00fdch st\u0159ech a fas\u00e1d.<\/li><li>Obytn\u00fd komplex \u201eZelen\u00fd d\u016fm\u201c v Kodani, kter\u00fd se spol\u00e9h\u00e1 na pasivn\u00ed sol\u00e1rn\u00ed energii.<\/li><\/ul>\n\n<h3 class=\"wp-block-heading\" id='nutzerfeedback-und-nutzererfahrungen-wie-bewohner-nachhaltige-wohnqualitaet-wahrnehmen'>Zp\u011btn\u00e1 vazba a zku\u0161enosti u\u017eivatel\u016f: Jak obyvatel\u00e9 vn\u00edmaj\u00ed udr\u017eitelnou kvalitu bydlen\u00ed<\/h3>\n\n<p>Pro pochopen\u00ed skute\u010dn\u00e9ho dopadu udr\u017eiteln\u00e9 architektury na kvalitu \u017eivota je kl\u00ed\u010dov\u00e1 zp\u011btn\u00e1 vazba od u\u017eivatel\u016f. Obyvatel\u00e9 udr\u017eiteln\u00fdch budov \u010dasto uv\u00e1d\u011bj\u00ed:<\/p>\n\n<ul class=\"wp-block-list\"><li>Zv\u00fd\u0161en\u00e1 spokojenost d\u00edky p\u0159\u00edstupu k p\u0159irozen\u00fdm zdroj\u016fm sv\u011btla.<\/li><li>Pohoda a zlep\u0161en\u00e1 kvalita \u017eivota d\u00edky krat\u0161\u00ed dob\u011b rekonvalescence.<\/li><li>Pozitivn\u011b vn\u00edman\u00e9 klimatick\u00e9 podm\u00ednky ve srovn\u00e1n\u00ed s konven\u010dn\u00edmi budovami.<\/li><\/ul>\n\n<h2 class=\"wp-block-heading\" id='herausforderungen-und-zukuenftige-entwicklungen'>V\u00fdzvy a budouc\u00ed v\u00fdvoj<\/h2>\n\n<h3 class=\"wp-block-heading\" id='barrieren-fuer-nachhaltige-architektur'>P\u0159ek\u00e1\u017eky udr\u017eiteln\u00e9 architektury<\/h3>\n\n<p>I kdy\u017e jsou v\u00fdhody udr\u017eiteln\u00e9 architektury z\u0159ejm\u00e9, existuj\u00ed i v\u00fdznamn\u00e9 v\u00fdzvy. Mezi n\u011b pat\u0159\u00ed:<\/p>\n\n<ul class=\"wp-block-list\"><li>Vysok\u00e9 po\u010d\u00e1te\u010dn\u00ed n\u00e1klady na implementaci udr\u017eiteln\u00fdch technologi\u00ed a materi\u00e1l\u016f.<\/li><li>Nedostate\u010dn\u00e9 pov\u011bdom\u00ed a vzd\u011bl\u00e1v\u00e1n\u00ed o v\u00fdhod\u00e1ch udr\u017eiteln\u00e9 v\u00fdstavby.<\/li><li>Regula\u010dn\u00ed bari\u00e9ry, kter\u00e9 \u010dasto br\u00e1n\u00ed zav\u00e1d\u011bn\u00ed inovativn\u00edch stavebn\u00edch metod.<\/li><\/ul>\n\n<h3 class=\"wp-block-heading\" id='zukuenftige-trends-in-der-nachhaltigen-bauweise-und-deren-auswirkungen-auf-die-lebensqualitaet'>Budouc\u00ed trendy v udr\u017eiteln\u00e9 v\u00fdstavb\u011b a jejich dopad na kvalitu \u017eivota<\/h3>\n\n<p>Budoucnost udr\u017eiteln\u00e9 architektury vypad\u00e1 slibn\u011b. Mezi sou\u010dasn\u00e9 trendy, kter\u00e9 mohou d\u00e1le zlep\u0161it kvalitu \u017eivota, pat\u0159\u00ed:<\/p>\n\n<ul class=\"wp-block-list\"><li>Zv\u00fd\u0161en\u00ed vyu\u017e\u00edv\u00e1n\u00ed zelen\u00e9ho vod\u00edku jako zdroje energie pro budovy.<\/li><li>Dal\u0161\u00ed integrace technologi\u00ed chytr\u00e9 dom\u00e1cnosti, kter\u00e9 optimalizuj\u00ed spot\u0159ebu energie.<\/li><li>Rostouc\u00ed pod\u00edl projekt\u016f m\u011bstsk\u00e9ho zem\u011bd\u011blstv\u00ed ve m\u011bstech za \u00fa\u010delem zlep\u0161en\u00ed \u017eivotn\u00edho prost\u0159ed\u00ed a dod\u00e1vek potravin.<\/li><\/ul>\n\n<h2 class=\"wp-block-heading\" id='fazit'>Z\u00e1v\u011br<\/h2>\n\n<p>Udr\u017eiteln\u00e1 architektura je v\u00edce ne\u017e jen sou\u010dasn\u00fd trend; p\u0159edstavuje v\u00fdznamn\u00fd pokrok, kter\u00fd m\u016f\u017ee v\u00fdrazn\u011b zlep\u0161it kvalitu \u017eivota obyvatel. Prost\u0159ednictv\u00edm ekologicky \u0161etrn\u00fdch materi\u00e1l\u016f, energeticky \u00fasporn\u00fdch n\u00e1vrh\u016f a soci\u00e1ln\u00ed integrace vytv\u00e1\u0159\u00edme ob\u010dansk\u00e9 prostory, kter\u00e9 podporuj\u00ed zdrav\u00e9 a obyvateln\u00e9 prost\u0159ed\u00ed. S rostouc\u00ed popt\u00e1vkou po udr\u017eiteln\u00fdch \u0159e\u0161en\u00edch bude tento typ v\u00fdstavby i nad\u00e1le z\u00edsk\u00e1vat na v\u00fdznamu.<\/p>\n\n<p>Pro komplexn\u011bj\u0161\u00ed implementaci je v\u0161ak zapot\u0159eb\u00ed \u00fasil\u00ed o p\u0159ekon\u00e1n\u00ed p\u0159ek\u00e1\u017eek a podporu inovativn\u00edch p\u0159\u00edstup\u016f. S v\u00fdhledem do budoucna vid\u00edme, \u017ee udr\u017eiteln\u00e1 kvalita bydlen\u00ed nen\u00ed jen c\u00edlem, ale nezbytn\u00fdm p\u0159edpokladem pro blaho na\u0161ich komunit.<\/p>\n\n<p>Allfixpro GmbH \u00b7 V\u00e1\u0161 partner pro sofistikovan\u00e9 interi\u00e9rov\u00e9 vybaven\u00ed.<\/p>\n\n<p>Zavolejte n\u00e1m je\u0161t\u011b dnes: +49 151 688 460 60 a zajist\u011bte si bezplatnou konzultaci!<\/p>","protected":false},"excerpt":{"rendered":"<p>Der Einfluss von nachhaltiger Architektur auf die Lebensqualit\u00e4t Nachhaltige Wohnqualit\u00e4t ist heutzutage ein zentrales Thema im Bauwesen und beeinflusst sowohl<\/p>","protected":false},"author":1,"featured_media":0,"comment_status":"open","ping_status":"open","sticky":false,"template":"","format":"standard","meta":{"footnotes":""},"categories":[21],"tags":[88,133,132,135,134],"class_list":["post-887","post","type-post","status-publish","format-standard","hentry","category-nachhaltiges_bauen","tag-bauwesen","tag-lebensqualitaet","tag-nachhaltige-architektur","tag-oekologische-aspekte","tag-umwelt"],"_links":{"self":[{"href":"https:\/\/allfixpro.de\/cs\/wp-json\/wp\/v2\/posts\/887","targetHints":{"allow":["GET"]}}],"collection":[{"href":"https:\/\/allfixpro.de\/cs\/wp-json\/wp\/v2\/posts"}],"about":[{"href":"https:\/\/allfixpro.de\/cs\/wp-json\/wp\/v2\/types\/post"}],"author":[{"embeddable":true,"href":"https:\/\/allfixpro.de\/cs\/wp-json\/wp\/v2\/users\/1"}],"replies":[{"embeddable":true,"href":"https:\/\/allfixpro.de\/cs\/wp-json\/wp\/v2\/comments?post=887"}],"version-history":[{"count":1,"href":"https:\/\/allfixpro.de\/cs\/wp-json\/wp\/v2\/posts\/887\/revisions"}],"predecessor-version":[{"id":888,"href":"https:\/\/allfixpro.de\/cs\/wp-json\/wp\/v2\/posts\/887\/revisions\/888"}],"wp:attachment":[{"href":"https:\/\/allfixpro.de\/cs\/wp-json\/wp\/v2\/media?parent=887"}],"wp:term":[{"taxonomy":"category","embeddable":true,"href":"https:\/\/allfixpro.de\/cs\/wp-json\/wp\/v2\/categories?post=887"},{"taxonomy":"post_tag","embeddable":true,"href":"https:\/\/allfixpro.de\/cs\/wp-json\/wp\/v2\/tags?post=887"}],"curies":[{"name":"wp","href":"https:\/\/api.w.org\/{rel}","templated":true}]}}