{"id":593,"date":"2025-06-24T19:03:00","date_gmt":"2025-06-24T19:03:00","guid":{"rendered":"https:\/\/allfixpro.de\/?p=593"},"modified":"2025-06-21T08:05:19","modified_gmt":"2025-06-21T08:05:19","slug":"batiments-commerciaux-a-lepreuve-du-temps","status":"publish","type":"post","link":"https:\/\/allfixpro.de\/fr\/zukunftsfahige-gewerbebauten\/","title":{"rendered":"10 approches durables pour des b\u00e2timents commerciaux \u00e0 l&#039;\u00e9preuve du temps"},"content":{"rendered":"<h2 class=\"wp-block-heading\" id='10-nachhaltige-ansatze-fur-gewerbebauten-der-zukunft'>10 approches durables pour les b\u00e2timents commerciaux du futur<\/h2>\n\n<p>Aujourd&#039;hui, le d\u00e9veloppement de b\u00e2timents commerciaux p\u00e9rennes joue un r\u00f4le central. La durabilit\u00e9 et la pr\u00e9servation des ressources ne sont pas que des mots \u00e0 la mode, mais des approches n\u00e9cessaires pour minimiser l&#039;empreinte \u00e9cologique du secteur de la construction tout en r\u00e9pondant aux besoins des entreprises modernes. Cet article pr\u00e9sente dix strat\u00e9gies fondamentales pour rendre les b\u00e2timents commerciaux durables et performants afin de r\u00e9pondre \u00e0 la crise \u00e9nerg\u00e9tique et aux d\u00e9fis du changement climatique.<\/p>\n<nav id='rank-math-toc' class='custom-toc wp-block-rank-math-toc-block' role='navigation' aria-label='Table des mati\u00e8res' style='margin: 20px 0;padding: 15px;background-color: #f9f9f9;border: 1px solid #ddd;border-radius: 5px'><h2 class='toc-title' style='margin: 0 0 16px 0;padding-bottom: 8px;font-size: 1.4em;font-weight: 600;color: #1f2937;border-bottom: 1px solid #ddd'>Avis<\/h2><ul class='toc-list' style='list-style-type: \"\u2013 \";padding-left: 20px;margin: 0;max-height: 400px;position: relative;z-index: 1'><ul class='toc-sublist' style='list-style-type: \"\u2013 \";padding-left: 20px;margin: 0;max-height: 400px;position: relative;z-index: 1'><li class='toc-item toc-level-2' style='margin: 10px 0;line-height: 1.5'><a href='#10-nachhaltige-ansatze-fur-gewerbebauten-der-zukunft' class='toc-link' style='text-decoration: none;color: #374151;display: block;padding-left: 8px'>10 approches durables pour les b\u00e2timents commerciaux du futur<\/a><\/li><li class='toc-item toc-level-2' style='margin: 10px 0;line-height: 1.5'><a href='#bedeutung-nachhaltiger-gewerbebauten' class='toc-link' style='text-decoration: none;color: #374151;display: block;padding-left: 8px'>Importance des b\u00e2timents commerciaux durables<\/a><\/li><li class='toc-item toc-level-2' style='margin: 10px 0;line-height: 1.5'><a href='#energieeffizienz-als-grundlage-fur-zukunftsfahige-gewerbebauten' class='toc-link' style='text-decoration: none;color: #374151;display: block;padding-left: 8px'>L&#039;efficacit\u00e9 \u00e9nerg\u00e9tique comme base pour des b\u00e2timents commerciaux durables<\/a><ul class='toc-sublist' style='list-style-type: \"\u2013 \";padding-left: 20px;margin: 0;max-height: 400px;position: relative;z-index: 1'><li class='toc-item toc-level-3' style='margin: 10px 0;line-height: 1.5'><a href='#einsatz-erneuerbarer-energien' class='toc-link' style='text-decoration: none;color: #374151;display: block;padding-left: 8px'>Utilisation des \u00e9nergies renouvelables<\/a><\/li><li class='toc-item toc-level-3' style='margin: 10px 0;line-height: 1.5'><a href='#energieoptimierung-und-smart-building-technologien' class='toc-link' style='text-decoration: none;color: #374151;display: block;padding-left: 8px'>Optimisation \u00e9nerg\u00e9tique et technologies de b\u00e2timents intelligents<\/a><\/ul><\/li><\/li><li class='toc-item toc-level-2' style='margin: 10px 0;line-height: 1.5'><a href='#ressourcenschonende-materialien-und-konstruktionstechniken' class='toc-link' style='text-decoration: none;color: #374151;display: block;padding-left: 8px'>Mat\u00e9riaux et techniques de construction \u00e9conomes en ressources<\/a><ul class='toc-sublist' style='list-style-type: \"\u2013 \";padding-left: 20px;margin: 0;max-height: 400px;position: relative;z-index: 1'><li class='toc-item toc-level-3' style='margin: 10px 0;line-height: 1.5'><a href='#verwendung-nachhaltiger-materialien' class='toc-link' style='text-decoration: none;color: #374151;display: block;padding-left: 8px'>Utilisation de mat\u00e9riaux durables<\/a><\/li><li class='toc-item toc-level-3' style='margin: 10px 0;line-height: 1.5'><a href='#innovative-bauweisen' class='toc-link' style='text-decoration: none;color: #374151;display: block;padding-left: 8px'>M\u00e9thodes de construction innovantes<\/a><\/ul><\/li><\/li><li class='toc-item toc-level-2' style='margin: 10px 0;line-height: 1.5'><a href='#wasser-und-abfallmanagement-in-gewerbebauten' class='toc-link' style='text-decoration: none;color: #374151;display: block;padding-left: 8px'>Gestion de l&#039;eau et des d\u00e9chets dans les b\u00e2timents commerciaux<\/a><ul class='toc-sublist' style='list-style-type: \"\u2013 \";padding-left: 20px;margin: 0;max-height: 400px;position: relative;z-index: 1'><li class='toc-item toc-level-3' style='margin: 10px 0;line-height: 1.5'><a href='#regenwassermanagement-und-nutzung' class='toc-link' style='text-decoration: none;color: #374151;display: block;padding-left: 8px'>Gestion et utilisation des eaux de pluie<\/a><\/li><li class='toc-item toc-level-3' style='margin: 10px 0;line-height: 1.5'><a href='#abfallreduzierung-und-recyclingkonzepte' class='toc-link' style='text-decoration: none;color: #374151;display: block;padding-left: 8px'>Concepts de r\u00e9duction des d\u00e9chets et de recyclage<\/a><\/ul><\/li><\/li><li class='toc-item toc-level-2' style='margin: 10px 0;line-height: 1.5'><a href='#gesunde-innenraumgestaltung-und-nutzerkomfort' class='toc-link' style='text-decoration: none;color: #374151;display: block;padding-left: 8px'>Am\u00e9nagement int\u00e9rieur sain et confort d&#039;utilisation<\/a><ul class='toc-sublist' style='list-style-type: \"\u2013 \";padding-left: 20px;margin: 0;max-height: 400px;position: relative;z-index: 1'><li class='toc-item toc-level-3' style='margin: 10px 0;line-height: 1.5'><a href='#raumluftqualitat-und-naturliche-beluftung' class='toc-link' style='text-decoration: none;color: #374151;display: block;padding-left: 8px'>Qualit\u00e9 de l&#039;air int\u00e9rieur et ventilation naturelle<\/a><\/li><li class='toc-item toc-level-3' style='margin: 10px 0;line-height: 1.5'><a href='#flexible-nutzung-und-raumgestaltung' class='toc-link' style='text-decoration: none;color: #374151;display: block;padding-left: 8px'>Utilisation flexible et conception de la pi\u00e8ce<\/a><\/ul><\/li><\/li><li class='toc-item toc-level-2' style='margin: 10px 0;line-height: 1.5'><a href='#gesellschaftliche-verantwortung-und-standortentwicklung' class='toc-link' style='text-decoration: none;color: #374151;display: block;padding-left: 8px'>Responsabilit\u00e9 sociale et d\u00e9veloppement local<\/a><ul class='toc-sublist' style='list-style-type: \"\u2013 \";padding-left: 20px;margin: 0;max-height: 400px;position: relative;z-index: 1'><li class='toc-item toc-level-3' style='margin: 10px 0;line-height: 1.5'><a href='#integration-in-die-nachbarschaft' class='toc-link' style='text-decoration: none;color: #374151;display: block;padding-left: 8px'>Int\u00e9gration dans le quartier<\/a><\/li><li class='toc-item toc-level-3' style='margin: 10px 0;line-height: 1.5'><a href='#langfristige-wartung-und-betriebsmodelle' class='toc-link' style='text-decoration: none;color: #374151;display: block;padding-left: 8px'>Mod\u00e8les de maintenance et d&#039;exploitation \u00e0 long terme<\/a><\/li><\/ul><\/li><\/ul><\/li><\/ul><\/nav>\n\n\n<h2 class=\"wp-block-heading\" id='bedeutung-nachhaltiger-gewerbebauten'>Importance des b\u00e2timents commerciaux durables<\/h2>\n\n<p>La hausse des temp\u00e9ratures mondiales et le changement climatique qui en d\u00e9coule soulignent la n\u00e9cessit\u00e9 d&#039;une construction durable. Les b\u00e2timents commerciaux sont souvent de grands consommateurs d&#039;\u00e9nergie et de ressources. Cependant, la mise en \u0153uvre de pratiques durables offre non seulement des avantages environnementaux, mais aussi des opportunit\u00e9s \u00e9conomiques. Les futurs b\u00e2timents commerciaux peuvent cr\u00e9er de la valeur ajout\u00e9e pour les exploitants et la soci\u00e9t\u00e9 gr\u00e2ce \u00e0 l&#039;utilisation de technologies intelligentes et de mat\u00e9riaux respectueux de l&#039;environnement.<\/p>\n\n<p>Cet article s&#039;adresse aux architectes, entrepreneurs, investisseurs et d\u00e9cideurs actifs dans le domaine de la r\u00e9novation industrielle et qui recherchent des solutions durables pour leurs projets de construction. La n\u00e9cessit\u00e9 d&#039;une sensibilisation globale aux approches durables est de plus en plus reconnue, et les informations fournies visent \u00e0 guider la planification et la mise en \u0153uvre responsables de projets de construction commerciale.<\/p>\n\n<h2 class=\"wp-block-heading\" id='energieeffizienz-als-grundlage-fur-zukunftsfahige-gewerbebauten'>L&#039;efficacit\u00e9 \u00e9nerg\u00e9tique comme base pour des b\u00e2timents commerciaux durables<\/h2>\n\n<h3 class=\"wp-block-heading\" id='einsatz-erneuerbarer-energien'>Utilisation des \u00e9nergies renouvelables<\/h3>\n\n<p>Un b\u00e2timent commercial p\u00e9renne doit s&#039;appuyer sur les \u00e9nergies renouvelables. L&#039;\u00e9nergie solaire et l&#039;\u00e9nergie \u00e9olienne ne sont que deux exemples de sources d&#039;\u00e9nergie qui peuvent non seulement r\u00e9duire les co\u00fbts d&#039;exploitation, mais aussi favoriser la durabilit\u00e9.<\/p>\n\n<ul class=\"wp-block-list\"><li>\u00c9nergie solaire : Les syst\u00e8mes photovolta\u00efques peuvent g\u00e9n\u00e9rer de grandes quantit\u00e9s d\u2019\u00e9nergie qui sont utilis\u00e9es pour faire fonctionner le b\u00e2timent.<\/li><li>\u00c9nergie \u00e9olienne : des conceptions innovantes combin\u00e9es \u00e0 des \u00e9oliennes peuvent \u00e9galement couvrir les besoins \u00e9nerg\u00e9tiques.<\/li><li>B\u00e2timents autonomes en \u00e9nergie : En combinant plusieurs sources renouvelables, un b\u00e2timent peut devenir presque ind\u00e9pendant des fournisseurs d\u2019\u00e9nergie externes.<\/li><\/ul>\n\n<h3 class=\"wp-block-heading\" id='energieoptimierung-und-smart-building-technologien'>Optimisation \u00e9nerg\u00e9tique et technologies de b\u00e2timents intelligents<\/h3>\n\n<p>Les syst\u00e8mes intelligents de gestion des b\u00e2timents permettent un suivi et un contr\u00f4le pr\u00e9cis de la consommation \u00e9nerg\u00e9tique. Les technologies IoT (Internet des objets) jouent ici un r\u00f4le crucial en collectant et en analysant les donn\u00e9es pour optimiser davantage la consommation \u00e9nerg\u00e9tique.<\/p>\n\n<ul class=\"wp-block-list\"><li>Les syst\u00e8mes de chauffage et de refroidissement intelligents s&#039;adaptent aux conditions locales r\u00e9elles.<\/li><li>Les analyses de consommation \u00e9nerg\u00e9tique permettent d\u2019identifier les \u00e9conomies potentielles.<\/li><li>Les syst\u00e8mes d\u2019\u00e9clairage qui r\u00e9agissent \u00e0 la lumi\u00e8re du jour peuvent r\u00e9duire consid\u00e9rablement la consommation d\u2019\u00e9nergie.<\/li><\/ul>\n\n<h2 class=\"wp-block-heading\" id='ressourcenschonende-materialien-und-konstruktionstechniken'>Mat\u00e9riaux et techniques de construction \u00e9conomes en ressources<\/h2>\n\n<h3 class=\"wp-block-heading\" id='verwendung-nachhaltiger-materialien'>Utilisation de mat\u00e9riaux durables<\/h3>\n\n<figure class=\"wp-block-image aligncenter size-large\"><img decoding=\"async\" src=\"https:\/\/allfixpro.de\/wp-content\/uploads\/2025\/06\/zukunftsfahige_gewerbebauten_zukunftsfahige-gewerbebauten.jpg\" alt=\"Illustration de la section : Un aspect central du d\u00e9veloppement de b\u00e2timents commerciaux \u00e0 l&#039;\u00e9preuve du temps est l&#039;utilisation de b\u00e2timents commerciaux durables et \u00e0 l&#039;\u00e9preuve du temps\" \/><\/figure><p>L&#039;utilisation de mat\u00e9riaux durables est un aspect essentiel du d\u00e9veloppement de b\u00e2timents commerciaux p\u00e9rennes. Ces mat\u00e9riaux sont non seulement plus respectueux de l&#039;environnement, mais contribuent \u00e9galement \u00e0 r\u00e9duire l&#039;empreinte carbone.<\/p>\n\n<ul class=\"wp-block-list\"><li>Mat\u00e9riaux de construction recycl\u00e9s : L\u2019utilisation de mat\u00e9riaux recycl\u00e9s r\u00e9duit le besoin de nouvelles mati\u00e8res premi\u00e8res.<\/li><li>Mat\u00e9riaux de construction r\u00e9gionaux : l\u2019utilisation de mat\u00e9riaux d\u2019origine locale r\u00e9duit les \u00e9missions li\u00e9es au transport.<\/li><li>Rev\u00eatements et mat\u00e9riaux isolants respectueux de l\u2019environnement : ils am\u00e9liorent l\u2019efficacit\u00e9 \u00e9nerg\u00e9tique tout en \u00e9tant inoffensifs pour la sant\u00e9 des utilisateurs.<\/li><\/ul>\n\n<h3 class=\"wp-block-heading\" id='innovative-bauweisen'>M\u00e9thodes de construction innovantes<\/h3>\n\n<p>La construction modulaire et la pr\u00e9fabrication offrent de nombreuses possibilit\u00e9s pour minimiser la consommation de ressources et les d\u00e9lais de construction. Les m\u00e9thodes de construction hybrides combinent diff\u00e9rents mat\u00e9riaux et techniques pour cr\u00e9er des structures stables et performantes.<\/p>\n\n<ul class=\"wp-block-list\"><li>Construction modulaire : les pi\u00e8ces finies sont assembl\u00e9es selon les besoins, ce qui r\u00e9duit consid\u00e9rablement le temps de construction.<\/li><li>Architecture adaptative : les b\u00e2timents existants sont r\u00e9nov\u00e9s et modernis\u00e9s au lieu d\u2019\u00eatre d\u00e9molis, ce qui permet de conserver des ressources pr\u00e9cieuses et de pr\u00e9server les biens culturels.<\/li><\/ul>\n\n<h2 class=\"wp-block-heading\" id='wasser-und-abfallmanagement-in-gewerbebauten'>Gestion de l&#039;eau et des d\u00e9chets dans les b\u00e2timents commerciaux<\/h2>\n\n<h3 class=\"wp-block-heading\" id='regenwassermanagement-und-nutzung'>Gestion et utilisation des eaux de pluie<\/h3>\n\n<p>L&#039;eau est une ressource pr\u00e9cieuse, et son utilisation efficace est essentielle \u00e0 la durabilit\u00e9. Les syst\u00e8mes de r\u00e9cup\u00e9ration des eaux de pluie peuvent contribuer \u00e0 r\u00e9duire les besoins en eau douce.<\/p>\n\n<ul class=\"wp-block-list\"><li>Collecte et traitement des eaux de pluie destin\u00e9es \u00e0 \u00eatre utilis\u00e9es dans les b\u00e2timents, par exemple pour la chasse d&#039;eau des toilettes ou l&#039;irrigation.<\/li><li>Plomberie \u00e9conome en eau : l\u2019installation d\u2019appareils sanitaires efficaces peut r\u00e9duire consid\u00e9rablement la consommation d\u2019eau.<\/li><\/ul>\n\n<h3 class=\"wp-block-heading\" id='abfallreduzierung-und-recyclingkonzepte'>Concepts de r\u00e9duction des d\u00e9chets et de recyclage<\/h3>\n\n<p>Un syst\u00e8me de gestion durable des d\u00e9chets peut r\u00e9duire consid\u00e9rablement la production actuelle de d\u00e9chets. Gr\u00e2ce \u00e0 une approche \u00ab du berceau au berceau \u00bb, le processus de recyclage est optimis\u00e9 et le cycle des ressources est boucl\u00e9.<\/p>\n\n<ul class=\"wp-block-list\"><li>Les installations de tri et de recyclage des d\u00e9chets dans les b\u00e2timents favorisent le recyclage et la r\u00e9utilisation des mat\u00e9riaux.<\/li><li>La formation des employ\u00e9s sur le tri appropri\u00e9 des d\u00e9chets et les pratiques durables favorise la r\u00e9duction des d\u00e9chets.<\/li><\/ul>\n\n<h2 class=\"wp-block-heading\" id='gesunde-innenraumgestaltung-und-nutzerkomfort'>Am\u00e9nagement int\u00e9rieur sain et confort d&#039;utilisation<\/h2>\n\n<h3 class=\"wp-block-heading\" id='raumluftqualitat-und-naturliche-beluftung'>Qualit\u00e9 de l&#039;air int\u00e9rieur et ventilation naturelle<\/h3>\n\n<figure class=\"wp-block-image aligncenter size-large\"><img decoding=\"async\" src=\"https:\/\/allfixpro.de\/wp-content\/uploads\/2025\/06\/zukunftsfahige_gewerbebauten_zukunftsfahige-gewerbebauten-1.jpg\" alt=\"Illustration de la section\u00a0: La qualit\u00e9 de l&#039;air int\u00e9rieur est essentielle au bien-\u00eatre des utilisateurs. Les plantes peuvent \u00eatre utilis\u00e9es comme n \u2013 b\u00e2timents commerciaux durables\" \/><\/figure><p>La qualit\u00e9 de l&#039;air int\u00e9rieur est essentielle au bien-\u00eatre de ses occupants. Les plantes peuvent servir de filtres \u00e0 air naturels et contribuer \u00e0 un meilleur climat int\u00e9rieur.<\/p>\n\n<ul class=\"wp-block-list\"><li>Ventilation naturelle : Des mesures architecturales peuvent optimiser l\u2019apport d\u2019air frais.<\/li><li>Les \u00e9l\u00e9ments de conception tels que les murs v\u00e9g\u00e9taux ou les plantes am\u00e9liorent la qualit\u00e9 de l\u2019air et augmentent le confort de l\u2019utilisateur.<\/li><\/ul>\n\n<h3 class=\"wp-block-heading\" id='flexible-nutzung-und-raumgestaltung'>Utilisation flexible et conception de la pi\u00e8ce<\/h3>\n\n<p>Dans le monde du travail actuel, la flexibilit\u00e9 des modes de travail est essentielle. Des concepts d&#039;espace adaptables permettent une utilisation variable des espaces et s&#039;adaptent mieux aux besoins des utilisateurs.<\/p>\n\n<ul class=\"wp-block-list\"><li>Les plans d\u2019\u00e9tage ouverts favorisent la collaboration et la cr\u00e9ativit\u00e9.<\/li><li>Les bureaux et les salles de r\u00e9union doivent pouvoir \u00eatre facilement r\u00e9am\u00e9nag\u00e9s pour r\u00e9pondre \u00e0 diff\u00e9rentes exigences.<\/li><\/ul>\n\n<h2 class=\"wp-block-heading\" id='gesellschaftliche-verantwortung-und-standortentwicklung'>Responsabilit\u00e9 sociale et d\u00e9veloppement local<\/h2>\n\n<h3 class=\"wp-block-heading\" id='integration-in-die-nachbarschaft'>Int\u00e9gration dans le quartier<\/h3>\n\n<p>L&#039;implication de la communaut\u00e9 est un aspect essentiel des b\u00e2timents commerciaux durables. Les processus de planification participative aident \u00e0 identifier et \u00e0 mettre en \u0153uvre les besoins du quartier.<\/p>\n\n<ul class=\"wp-block-list\"><li>L\u2019interaction avec le quartier peut \u00eatre favoris\u00e9e par des projets communautaires.<\/li><li>Les impacts sociaux et \u00e9conomiques d\u2019un nouveau b\u00e2timent commercial doivent \u00eatre pris en compte d\u00e8s la phase de planification.<\/li><\/ul>\n\n<h3 class=\"wp-block-heading\" id='langfristige-wartung-und-betriebsmodelle'>Mod\u00e8les de maintenance et d&#039;exploitation \u00e0 long terme<\/h3>\n\n<p>La construction commerciale durable n\u00e9cessite une gestion efficace du cycle de vie. Un entretien r\u00e9gulier et une gestion op\u00e9rationnelle fonctionnelle sont essentiels pour assurer la long\u00e9vit\u00e9 des b\u00e2timents.<\/p>\n\n<ul class=\"wp-block-list\"><li>La gestion durable garantit que les normes d\u2019origine sont mieux maintenues.<\/li><li>Une communication transparente concernant le bilan CO\u2082 et l\u2019utilisation des ressources cr\u00e9e la confiance entre les utilisateurs.<\/li><\/ul>\n\n<p>La combinaison de ces approches permet de concevoir des b\u00e2timents commerciaux durables et de r\u00e9duire consid\u00e9rablement l&#039;empreinte \u00e9cologique du secteur de la construction. Pour plus d&#039;informations sur la construction durable, consultez le site <a href=\"https:\/\/bau.net\/text\/250103-nachhaltige-wohnkonzepte-klimafreundliches-bauen?utm_source=openai\" target=\"_blank\" rel=\"noopener\">BauNet<\/a> ou d\u2019autres sources fiables.<\/p>\n\n<p>Appelez-nous aujourd&#039;hui : +49 151 688 460 60 et obtenez votre consultation gratuite !<\/p>\n\n<p>Allfixpro GmbH \u00b7 Votre partenaire pour des am\u00e9nagements int\u00e9rieurs sophistiqu\u00e9s.<\/p>","protected":false},"excerpt":{"rendered":"<p>10 Nachhaltige Ans\u00e4tze f\u00fcr Gewerbebauten der Zukunft In der heutigen Zeit spielt die Entwicklung zukunftsf\u00e4higer Gewerbebauten eine zentrale Rolle. Nachhaltigkeit<\/p>","protected":false},"author":1,"featured_media":596,"comment_status":"open","ping_status":"open","sticky":false,"template":"","format":"standard","meta":{"footnotes":""},"categories":[1],"tags":[90,89,92,91,93],"class_list":["post-593","post","type-post","status-publish","format-standard","has-post-thumbnail","hentry","category-industrie_sanierung","tag-gewerbebauten","tag-nachhaltigkeit","tag-okologische-fusabdruck","tag-ressourcenschonung","tag-zukunftsfahige-entwicklung"],"_links":{"self":[{"href":"https:\/\/allfixpro.de\/fr\/wp-json\/wp\/v2\/posts\/593","targetHints":{"allow":["GET"]}}],"collection":[{"href":"https:\/\/allfixpro.de\/fr\/wp-json\/wp\/v2\/posts"}],"about":[{"href":"https:\/\/allfixpro.de\/fr\/wp-json\/wp\/v2\/types\/post"}],"author":[{"embeddable":true,"href":"https:\/\/allfixpro.de\/fr\/wp-json\/wp\/v2\/users\/1"}],"replies":[{"embeddable":true,"href":"https:\/\/allfixpro.de\/fr\/wp-json\/wp\/v2\/comments?post=593"}],"version-history":[{"count":1,"href":"https:\/\/allfixpro.de\/fr\/wp-json\/wp\/v2\/posts\/593\/revisions"}],"predecessor-version":[{"id":594,"href":"https:\/\/allfixpro.de\/fr\/wp-json\/wp\/v2\/posts\/593\/revisions\/594"}],"wp:featuredmedia":[{"embeddable":true,"href":"https:\/\/allfixpro.de\/fr\/wp-json\/wp\/v2\/media\/596"}],"wp:attachment":[{"href":"https:\/\/allfixpro.de\/fr\/wp-json\/wp\/v2\/media?parent=593"}],"wp:term":[{"taxonomy":"category","embeddable":true,"href":"https:\/\/allfixpro.de\/fr\/wp-json\/wp\/v2\/categories?post=593"},{"taxonomy":"post_tag","embeddable":true,"href":"https:\/\/allfixpro.de\/fr\/wp-json\/wp\/v2\/tags?post=593"}],"curies":[{"name":"wp","href":"https:\/\/api.w.org\/{rel}","templated":true}]}}