{"id":593,"date":"2025-06-24T19:03:00","date_gmt":"2025-06-24T19:03:00","guid":{"rendered":"https:\/\/allfixpro.de\/?p=593"},"modified":"2025-06-21T08:05:19","modified_gmt":"2025-06-21T08:05:19","slug":"przyszlosciowe-budynki-komercyjne","status":"publish","type":"post","link":"https:\/\/allfixpro.de\/pl\/zukunftsfahige-gewerbebauten\/","title":{"rendered":"10 zr\u00f3wnowa\u017conych podej\u015b\u0107 do przysz\u0142o\u015bciowych budynk\u00f3w komercyjnych"},"content":{"rendered":"<h2 class=\"wp-block-heading\" id='10-nachhaltige-ansatze-fur-gewerbebauten-der-zukunft'>10 zr\u00f3wnowa\u017conych podej\u015b\u0107 do budynk\u00f3w komercyjnych przysz\u0142o\u015bci<\/h2>\n\n<p>Obecnie rozw\u00f3j przysz\u0142o\u015bciowych budynk\u00f3w komercyjnych odgrywa kluczow\u0105 rol\u0119. Zr\u00f3wnowa\u017cony rozw\u00f3j i oszcz\u0119dzanie zasob\u00f3w to nie tylko s\u0142owa klucze, ale niezb\u0119dne podej\u015bcia do minimalizacji \u015bladu ekologicznego bran\u017cy budowlanej przy jednoczesnym zaspokajaniu potrzeb nowoczesnych przedsi\u0119biorstw. W tym artykule przedstawiono dziesi\u0119\u0107 podstawowych strategii, kt\u00f3re pomagaj\u0105 uczyni\u0107 budynki komercyjne zr\u00f3wnowa\u017conymi i wydajnymi, aby sprosta\u0107 kryzysowi energetycznemu i wyzwaniom zwi\u0105zanym ze zmian\u0105 klimatu.<\/p>\n<nav id='rank-math-toc' class='custom-toc wp-block-rank-math-toc-block' role='navigation' aria-label='Spis tre\u015bci' style='margin: 20px 0;padding: 15px;background-color: #f9f9f9;border: 1px solid #ddd;border-radius: 5px'><h2 class='toc-title' style='margin: 0 0 16px 0;padding-bottom: 8px;font-size: 1.4em;font-weight: 600;color: #1f2937;border-bottom: 1px solid #ddd'>Opinia<\/h2><ul class='toc-list' style='list-style-type: \"\u2013 \";padding-left: 20px;margin: 0;max-height: 400px;position: relative;z-index: 1'><ul class='toc-sublist' style='list-style-type: \"\u2013 \";padding-left: 20px;margin: 0;max-height: 400px;position: relative;z-index: 1'><li class='toc-item toc-level-2' style='margin: 10px 0;line-height: 1.5'><a href='#10-nachhaltige-ansatze-fur-gewerbebauten-der-zukunft' class='toc-link' style='text-decoration: none;color: #374151;display: block;padding-left: 8px'>10 zr\u00f3wnowa\u017conych podej\u015b\u0107 do budynk\u00f3w komercyjnych przysz\u0142o\u015bci<\/a><\/li><li class='toc-item toc-level-2' style='margin: 10px 0;line-height: 1.5'><a href='#bedeutung-nachhaltiger-gewerbebauten' class='toc-link' style='text-decoration: none;color: #374151;display: block;padding-left: 8px'>Znaczenie zr\u00f3wnowa\u017conych budynk\u00f3w komercyjnych<\/a><\/li><li class='toc-item toc-level-2' style='margin: 10px 0;line-height: 1.5'><a href='#energieeffizienz-als-grundlage-fur-zukunftsfahige-gewerbebauten' class='toc-link' style='text-decoration: none;color: #374151;display: block;padding-left: 8px'>Efektywno\u015b\u0107 energetyczna jako podstawa zr\u00f3wnowa\u017conego budownictwa komercyjnego<\/a><ul class='toc-sublist' style='list-style-type: \"\u2013 \";padding-left: 20px;margin: 0;max-height: 400px;position: relative;z-index: 1'><li class='toc-item toc-level-3' style='margin: 10px 0;line-height: 1.5'><a href='#einsatz-erneuerbarer-energien' class='toc-link' style='text-decoration: none;color: #374151;display: block;padding-left: 8px'>Wykorzystanie energii odnawialnych<\/a><\/li><li class='toc-item toc-level-3' style='margin: 10px 0;line-height: 1.5'><a href='#energieoptimierung-und-smart-building-technologien' class='toc-link' style='text-decoration: none;color: #374151;display: block;padding-left: 8px'>Optymalizacja energetyczna i inteligentne technologie budowlane<\/a><\/ul><\/li><\/li><li class='toc-item toc-level-2' style='margin: 10px 0;line-height: 1.5'><a href='#ressourcenschonende-materialien-und-konstruktionstechniken' class='toc-link' style='text-decoration: none;color: #374151;display: block;padding-left: 8px'>Materia\u0142y i techniki budowlane oszcz\u0119dzaj\u0105ce zasoby<\/a><ul class='toc-sublist' style='list-style-type: \"\u2013 \";padding-left: 20px;margin: 0;max-height: 400px;position: relative;z-index: 1'><li class='toc-item toc-level-3' style='margin: 10px 0;line-height: 1.5'><a href='#verwendung-nachhaltiger-materialien' class='toc-link' style='text-decoration: none;color: #374151;display: block;padding-left: 8px'>Wykorzystanie materia\u0142\u00f3w zr\u00f3wnowa\u017conych<\/a><\/li><li class='toc-item toc-level-3' style='margin: 10px 0;line-height: 1.5'><a href='#innovative-bauweisen' class='toc-link' style='text-decoration: none;color: #374151;display: block;padding-left: 8px'>Innowacyjne metody budowy<\/a><\/ul><\/li><\/li><li class='toc-item toc-level-2' style='margin: 10px 0;line-height: 1.5'><a href='#wasser-und-abfallmanagement-in-gewerbebauten' class='toc-link' style='text-decoration: none;color: #374151;display: block;padding-left: 8px'>Gospodarka wodno-\u015bciekowa w budynkach komercyjnych<\/a><ul class='toc-sublist' style='list-style-type: \"\u2013 \";padding-left: 20px;margin: 0;max-height: 400px;position: relative;z-index: 1'><li class='toc-item toc-level-3' style='margin: 10px 0;line-height: 1.5'><a href='#regenwassermanagement-und-nutzung' class='toc-link' style='text-decoration: none;color: #374151;display: block;padding-left: 8px'>Gospodarka i wykorzystanie wody deszczowej<\/a><\/li><li class='toc-item toc-level-3' style='margin: 10px 0;line-height: 1.5'><a href='#abfallreduzierung-und-recyclingkonzepte' class='toc-link' style='text-decoration: none;color: #374151;display: block;padding-left: 8px'>Koncepcje redukcji odpad\u00f3w i recyklingu<\/a><\/ul><\/li><\/li><li class='toc-item toc-level-2' style='margin: 10px 0;line-height: 1.5'><a href='#gesunde-innenraumgestaltung-und-nutzerkomfort' class='toc-link' style='text-decoration: none;color: #374151;display: block;padding-left: 8px'>Zdrowe wn\u0119trze i komfort u\u017cytkownika<\/a><ul class='toc-sublist' style='list-style-type: \"\u2013 \";padding-left: 20px;margin: 0;max-height: 400px;position: relative;z-index: 1'><li class='toc-item toc-level-3' style='margin: 10px 0;line-height: 1.5'><a href='#raumluftqualitat-und-naturliche-beluftung' class='toc-link' style='text-decoration: none;color: #374151;display: block;padding-left: 8px'>Jako\u015b\u0107 powietrza w pomieszczeniach i wentylacja naturalna<\/a><\/li><li class='toc-item toc-level-3' style='margin: 10px 0;line-height: 1.5'><a href='#flexible-nutzung-und-raumgestaltung' class='toc-link' style='text-decoration: none;color: #374151;display: block;padding-left: 8px'>Elastyczne u\u017cytkowanie i aran\u017cacja pomieszcze\u0144<\/a><\/ul><\/li><\/li><li class='toc-item toc-level-2' style='margin: 10px 0;line-height: 1.5'><a href='#gesellschaftliche-verantwortung-und-standortentwicklung' class='toc-link' style='text-decoration: none;color: #374151;display: block;padding-left: 8px'>Odpowiedzialno\u015b\u0107 spo\u0142eczna i rozw\u00f3j lokalizacji<\/a><ul class='toc-sublist' style='list-style-type: \"\u2013 \";padding-left: 20px;margin: 0;max-height: 400px;position: relative;z-index: 1'><li class='toc-item toc-level-3' style='margin: 10px 0;line-height: 1.5'><a href='#integration-in-die-nachbarschaft' class='toc-link' style='text-decoration: none;color: #374151;display: block;padding-left: 8px'>Integracja z s\u0105siedztwem<\/a><\/li><li class='toc-item toc-level-3' style='margin: 10px 0;line-height: 1.5'><a href='#langfristige-wartung-und-betriebsmodelle' class='toc-link' style='text-decoration: none;color: #374151;display: block;padding-left: 8px'>D\u0142ugoterminowe modele konserwacji i eksploatacji<\/a><\/li><\/ul><\/li><\/ul><\/li><\/ul><\/nav>\n\n\n<h2 class=\"wp-block-heading\" id='bedeutung-nachhaltiger-gewerbebauten'>Znaczenie zr\u00f3wnowa\u017conych budynk\u00f3w komercyjnych<\/h2>\n\n<p>Rosn\u0105ce globalne temperatury i zwi\u0105zane z nimi zmiany klimatyczne podkre\u015blaj\u0105 potrzeb\u0119 zr\u00f3wnowa\u017conego budownictwa. Budynki komercyjne s\u0105 cz\u0119sto g\u0142\u00f3wnymi konsumentami energii i zasob\u00f3w. Jednak wdra\u017canie zr\u00f3wnowa\u017conych praktyk oferuje nie tylko korzy\u015bci \u015brodowiskowe, ale tak\u017ce mo\u017cliwo\u015bci ekonomiczne. Przysz\u0142e budynki komercyjne mog\u0105 tworzy\u0107 warto\u015b\u0107 dodan\u0105 zar\u00f3wno dla operator\u00f3w, jak i spo\u0142ecze\u0144stwa dzi\u0119ki wykorzystaniu inteligentnych technologii i przyjaznych dla \u015brodowiska materia\u0142\u00f3w.<\/p>\n\n<p>Niniejszy artyku\u0142 jest skierowany do architekt\u00f3w, wykonawc\u00f3w, inwestor\u00f3w i decydent\u00f3w dzia\u0142aj\u0105cych w dziedzinie renowacji przemys\u0142owej, kt\u00f3rzy poszukuj\u0105 zr\u00f3wnowa\u017conych rozwi\u0105za\u0144 dla swoich projekt\u00f3w budowlanych. Potrzeba kompleksowej \u015bwiadomo\u015bci zr\u00f3wnowa\u017conych podej\u015b\u0107 jest coraz bardziej dostrzegana, a podane informacje maj\u0105 s\u0142u\u017cy\u0107 jako przewodnik po odpowiedzialnym planowaniu i wdra\u017caniu projekt\u00f3w zorientowanych na budownictwo komercyjne.<\/p>\n\n<h2 class=\"wp-block-heading\" id='energieeffizienz-als-grundlage-fur-zukunftsfahige-gewerbebauten'>Efektywno\u015b\u0107 energetyczna jako podstawa zr\u00f3wnowa\u017conego budownictwa komercyjnego<\/h2>\n\n<h3 class=\"wp-block-heading\" id='einsatz-erneuerbarer-energien'>Wykorzystanie energii odnawialnych<\/h3>\n\n<p>Przysz\u0142o\u015bciowy budynek komercyjny musi opiera\u0107 si\u0119 na energii odnawialnej. Energia s\u0142oneczna i wiatrowa to tylko dwa przyk\u0142ady \u017ar\u00f3de\u0142 energii, kt\u00f3re mog\u0105 nie tylko obni\u017cy\u0107 koszty operacyjne, ale tak\u017ce promowa\u0107 zr\u00f3wnowa\u017cony rozw\u00f3j.<\/p>\n\n<ul class=\"wp-block-list\"><li>Energia s\u0142oneczna: Systemy fotowoltaiczne mog\u0105 generowa\u0107 du\u017ce ilo\u015bci energii, kt\u00f3ra jest wykorzystywana do zasilania budynku.<\/li><li>Energia wiatrowa: Innowacyjne rozwi\u0105zania w po\u0142\u0105czeniu z turbinami wiatrowymi mog\u0105 dodatkowo pokry\u0107 zapotrzebowanie na energi\u0119.<\/li><li>Budynki samowystarczalne energetycznie: \u0141\u0105cz\u0105c kilka odnawialnych \u017ar\u00f3de\u0142 energii, budynek mo\u017ce sta\u0107 si\u0119 niemal niezale\u017cny od zewn\u0119trznych dostawc\u00f3w energii.<\/li><\/ul>\n\n<h3 class=\"wp-block-heading\" id='energieoptimierung-und-smart-building-technologien'>Optymalizacja energetyczna i inteligentne technologie budowlane<\/h3>\n\n<p>Inteligentne systemy zarz\u0105dzania budynkami umo\u017cliwiaj\u0105 precyzyjne monitorowanie i kontrol\u0119 zu\u017cycia energii. Technologie IoT (Internet of Things) odgrywaj\u0105 tutaj kluczow\u0105 rol\u0119, zbieraj\u0105c i analizuj\u0105c dane w celu dalszej optymalizacji zu\u017cycia energii.<\/p>\n\n<ul class=\"wp-block-list\"><li>Inteligentne systemy ogrzewania i ch\u0142odzenia dostosowuj\u0105 si\u0119 do aktualnych lokalnych warunk\u00f3w.<\/li><li>Analizy zu\u017cycia energii pomagaj\u0105 zidentyfikowa\u0107 potencjalne oszcz\u0119dno\u015bci.<\/li><li>Systemy o\u015bwietleniowe reaguj\u0105ce na \u015bwiat\u0142o dzienne mog\u0105 znacz\u0105co ograniczy\u0107 zu\u017cycie energii.<\/li><\/ul>\n\n<h2 class=\"wp-block-heading\" id='ressourcenschonende-materialien-und-konstruktionstechniken'>Materia\u0142y i techniki budowlane oszcz\u0119dzaj\u0105ce zasoby<\/h2>\n\n<h3 class=\"wp-block-heading\" id='verwendung-nachhaltiger-materialien'>Wykorzystanie materia\u0142\u00f3w zr\u00f3wnowa\u017conych<\/h3>\n\n<figure class=\"wp-block-image aligncenter size-large\"><img decoding=\"async\" src=\"https:\/\/allfixpro.de\/wp-content\/uploads\/2025\/06\/zukunftsfahige_gewerbebauten_zukunftsfahige-gewerbebauten.jpg\" alt=\"Ilustracja do sekcji: Centralnym aspektem w rozwoju przysz\u0142o\u015bciowych budynk\u00f3w komercyjnych jest wykorzystanie zr\u00f3wnowa\u017conych, przysz\u0142o\u015bciowych budynk\u00f3w komercyjnych\" \/><\/figure><p>Kluczowym aspektem w rozwoju przysz\u0142o\u015bciowych budynk\u00f3w komercyjnych jest wykorzystanie zr\u00f3wnowa\u017conych materia\u0142\u00f3w. S\u0105 one nie tylko bardziej przyjazne dla \u015brodowiska, ale r\u00f3wnie\u017c przyczyniaj\u0105 si\u0119 do zmniejszenia \u015bladu w\u0119glowego.<\/p>\n\n<ul class=\"wp-block-list\"><li>Materia\u0142y budowlane pochodz\u0105ce z recyklingu: Stosowanie materia\u0142\u00f3w pochodz\u0105cych z recyklingu zmniejsza zapotrzebowanie na nowe surowce.<\/li><li>Regionalne materia\u0142y budowlane: Korzystanie z materia\u0142\u00f3w pochodz\u0105cych z lokalnych \u017ar\u00f3de\u0142 pozwala ograniczy\u0107 emisj\u0119 spalin zwi\u0105zan\u0105 z transportem.<\/li><li>Przyjazne dla \u015brodowiska pow\u0142oki i materia\u0142y izolacyjne: Podnosz\u0105 efektywno\u015b\u0107 energetyczn\u0105, b\u0119d\u0105c jednocze\u015bnie nieszkodliwe dla zdrowia u\u017cytkownik\u00f3w.<\/li><\/ul>\n\n<h3 class=\"wp-block-heading\" id='innovative-bauweisen'>Innowacyjne metody budowy<\/h3>\n\n<p>Budownictwo modu\u0142owe i prefabrykacja oferuj\u0105 szerokie mo\u017cliwo\u015bci minimalizacji zu\u017cycia zasob\u00f3w i czasu budowy. Hybrydowe metody budowy \u0142\u0105cz\u0105 r\u00f3\u017cne materia\u0142y i techniki, aby tworzy\u0107 stabilne i wydajne konstrukcje.<\/p>\n\n<ul class=\"wp-block-list\"><li>Konstrukcja modu\u0142owa: Gotowe cz\u0119\u015bci s\u0105 montowane w miar\u0119 potrzeb, co znacznie skraca czas budowy.<\/li><li>Architektura adaptacyjna: Istniej\u0105ce budynki s\u0105 odnawiane i modernizowane zamiast je wyburza\u0107, co pozwala oszcz\u0119dza\u0107 cenne zasoby i chroni\u0107 dobra kultury.<\/li><\/ul>\n\n<h2 class=\"wp-block-heading\" id='wasser-und-abfallmanagement-in-gewerbebauten'>Gospodarka wodno-\u015bciekowa w budynkach komercyjnych<\/h2>\n\n<h3 class=\"wp-block-heading\" id='regenwassermanagement-und-nutzung'>Gospodarka i wykorzystanie wody deszczowej<\/h3>\n\n<p>Woda jest cennym zasobem, a jej efektywne wykorzystanie ma kluczowe znaczenie dla zr\u00f3wnowa\u017conego rozwoju. Systemy odzyskiwania wody deszczowej mog\u0105 pom\u00f3c zmniejszy\u0107 zapotrzebowanie na \u015bwie\u017c\u0105 wod\u0119.<\/p>\n\n<ul class=\"wp-block-list\"><li>Gromadzenie i oczyszczanie wody deszczowej w celu wykorzystania jej w budynkach, np. do sp\u0142ukiwania toalet lub nawadniania.<\/li><li>Oszcz\u0119dno\u015b\u0107 wody w instalacjach wodno-kanalizacyjnych: monta\u017c energooszcz\u0119dnych urz\u0105dze\u0144 mo\u017ce znacznie ograniczy\u0107 zu\u017cycie wody.<\/li><\/ul>\n\n<h3 class=\"wp-block-heading\" id='abfallreduzierung-und-recyclingkonzepte'>Koncepcje redukcji odpad\u00f3w i recyklingu<\/h3>\n\n<p>Zr\u00f3wnowa\u017cony system gospodarowania odpadami mo\u017ce znacznie zmniejszy\u0107 wytwarzanie istniej\u0105cych odpad\u00f3w. Dzi\u0119ki zastosowaniu podej\u015bcia \u201eod ko\u0142yski do ko\u0142yski\u201d proces recyklingu jest optymalizowany, a cykl zasob\u00f3w jest zamkni\u0119ty.<\/p>\n\n<ul class=\"wp-block-list\"><li>Znajduj\u0105ce si\u0119 w budynkach urz\u0105dzenia do segregacji i recyklingu odpad\u00f3w promuj\u0105 recykling i ponowne wykorzystywanie materia\u0142\u00f3w.<\/li><li>Szkolenia pracownik\u00f3w na temat prawid\u0142owej segregacji odpad\u00f3w i zr\u00f3wnowa\u017conych praktyk wspieraj\u0105 redukcj\u0119 ilo\u015bci odpad\u00f3w.<\/li><\/ul>\n\n<h2 class=\"wp-block-heading\" id='gesunde-innenraumgestaltung-und-nutzerkomfort'>Zdrowe wn\u0119trze i komfort u\u017cytkownika<\/h2>\n\n<h3 class=\"wp-block-heading\" id='raumluftqualitat-und-naturliche-beluftung'>Jako\u015b\u0107 powietrza w pomieszczeniach i wentylacja naturalna<\/h3>\n\n<figure class=\"wp-block-image aligncenter size-large\"><img decoding=\"async\" src=\"https:\/\/allfixpro.de\/wp-content\/uploads\/2025\/06\/zukunftsfahige_gewerbebauten_zukunftsfahige-gewerbebauten-1.jpg\" alt=\"Ilustracja do sekcji: Jako\u015b\u0107 powietrza w pomieszczeniach jest kluczowa dla dobrego samopoczucia jego u\u017cytkownik\u00f3w. Ro\u015bliny mog\u0105 by\u0107 wykorzystywane jako n - zr\u00f3wnowa\u017cone budynki komercyjne\" \/><\/figure><p>Jako\u015b\u0107 powietrza w pomieszczeniach jest kluczowa dla dobrego samopoczucia mieszka\u0144c\u00f3w. Ro\u015bliny mog\u0105 s\u0142u\u017cy\u0107 jako naturalne filtry powietrza i przyczynia\u0107 si\u0119 do lepszego klimatu w pomieszczeniach.<\/p>\n\n<ul class=\"wp-block-list\"><li>Wentylacja naturalna: Rozwi\u0105zania architektoniczne mog\u0105 zoptymalizowa\u0107 dop\u0142yw \u015bwie\u017cego powietrza.<\/li><li>Elementy designu takie jak zielone \u015bciany czy ro\u015bliny poprawiaj\u0105 jako\u015b\u0107 powietrza i zwi\u0119kszaj\u0105 komfort u\u017cytkownik\u00f3w.<\/li><\/ul>\n\n<h3 class=\"wp-block-heading\" id='flexible-nutzung-und-raumgestaltung'>Elastyczne u\u017cytkowanie i aran\u017cacja pomieszcze\u0144<\/h3>\n\n<p>W dzisiejszym \u015bwiecie pracy koncepcje elastycznej pracy s\u0105 niezb\u0119dne. Koncepcje adaptowalnej przestrzeni umo\u017cliwiaj\u0105 zmienne wykorzystanie przestrzeni i mog\u0105 by\u0107 lepiej dostosowane do potrzeb u\u017cytkownik\u00f3w.<\/p>\n\n<ul class=\"wp-block-list\"><li>Otwarte przestrzenie sprzyjaj\u0105 wsp\u00f3\u0142pracy i kreatywno\u015bci.<\/li><li>Biura i sale konferencyjne powinny da\u0107 si\u0119 \u0142atwo przeprojektowa\u0107, aby spe\u0142nia\u0142y r\u00f3\u017cne wymagania.<\/li><\/ul>\n\n<h2 class=\"wp-block-heading\" id='gesellschaftliche-verantwortung-und-standortentwicklung'>Odpowiedzialno\u015b\u0107 spo\u0142eczna i rozw\u00f3j lokalizacji<\/h2>\n\n<h3 class=\"wp-block-heading\" id='integration-in-die-nachbarschaft'>Integracja z s\u0105siedztwem<\/h3>\n\n<p>Zaanga\u017cowanie spo\u0142eczno\u015bci jest kluczowym aspektem zr\u00f3wnowa\u017conych budynk\u00f3w komercyjnych. Procesy planowania partycypacyjnego pomagaj\u0105 identyfikowa\u0107 i wdra\u017ca\u0107 potrzeby s\u0105siedztwa.<\/p>\n\n<ul class=\"wp-block-list\"><li>Interakcj\u0119 z s\u0105siadami mo\u017cna promowa\u0107 poprzez projekty spo\u0142eczne.<\/li><li>Ju\u017c na etapie planowania nale\u017cy uwzgl\u0119dni\u0107 skutki spo\u0142eczne i ekonomiczne nowej budowy komercyjnej.<\/li><\/ul>\n\n<h3 class=\"wp-block-heading\" id='langfristige-wartung-und-betriebsmodelle'>D\u0142ugoterminowe modele konserwacji i eksploatacji<\/h3>\n\n<p>Zr\u00f3wnowa\u017cone budownictwo komercyjne wymaga skutecznego zarz\u0105dzania cyklem \u017cycia. Regularna konserwacja i funkcjonalne zarz\u0105dzanie operacyjne s\u0105 niezb\u0119dne, aby zapewni\u0107 d\u0142ugowieczno\u015b\u0107 budynk\u00f3w.<\/p>\n\n<ul class=\"wp-block-list\"><li>Zr\u00f3wnowa\u017cone zarz\u0105dzanie pozwala na lepsze utrzymanie pierwotnych standard\u00f3w.<\/li><li>Przejrzysta komunikacja dotycz\u0105ca bilansu CO\u2082 i wykorzystania zasob\u00f3w buduje zaufanie w\u015br\u00f3d u\u017cytkownik\u00f3w.<\/li><\/ul>\n\n<p>Po\u0142\u0105czenie tych podej\u015b\u0107 umo\u017cliwia zr\u00f3wnowa\u017cone projektowanie budynk\u00f3w komercyjnych i znaczne zmniejszenie \u015bladu ekologicznego bran\u017cy budowlanej. Aby uzyska\u0107 wi\u0119cej informacji na temat zr\u00f3wnowa\u017conego budownictwa, odwied\u017a stron\u0119 <a href=\"https:\/\/bau.net\/text\/250103-nachhaltige-wohnkonzepte-klimafreundliches-bauen?utm_source=openai\" target=\"_blank\" rel=\"noopener\">BauNet<\/a> lub inne wiarygodne \u017ar\u00f3d\u0142a.<\/p>\n\n<p>Zadzwo\u0144 do nas ju\u017c dzi\u015b: +49 151 688 460 60 i um\u00f3w si\u0119 na bezp\u0142atn\u0105 konsultacj\u0119!<\/p>\n\n<p>Allfixpro GmbH \u00b7 Tw\u00f3j partner w zakresie wyrafinowanego wyposa\u017cenia wn\u0119trz.<\/p>","protected":false},"excerpt":{"rendered":"<p>10 Nachhaltige Ans\u00e4tze f\u00fcr Gewerbebauten der Zukunft In der heutigen Zeit spielt die Entwicklung zukunftsf\u00e4higer Gewerbebauten eine zentrale Rolle. Nachhaltigkeit<\/p>","protected":false},"author":1,"featured_media":596,"comment_status":"open","ping_status":"open","sticky":false,"template":"","format":"standard","meta":{"footnotes":""},"categories":[1],"tags":[90,89,92,91,93],"class_list":["post-593","post","type-post","status-publish","format-standard","has-post-thumbnail","hentry","category-industrie_sanierung","tag-gewerbebauten","tag-nachhaltigkeit","tag-okologische-fusabdruck","tag-ressourcenschonung","tag-zukunftsfahige-entwicklung"],"_links":{"self":[{"href":"https:\/\/allfixpro.de\/pl\/wp-json\/wp\/v2\/posts\/593","targetHints":{"allow":["GET"]}}],"collection":[{"href":"https:\/\/allfixpro.de\/pl\/wp-json\/wp\/v2\/posts"}],"about":[{"href":"https:\/\/allfixpro.de\/pl\/wp-json\/wp\/v2\/types\/post"}],"author":[{"embeddable":true,"href":"https:\/\/allfixpro.de\/pl\/wp-json\/wp\/v2\/users\/1"}],"replies":[{"embeddable":true,"href":"https:\/\/allfixpro.de\/pl\/wp-json\/wp\/v2\/comments?post=593"}],"version-history":[{"count":1,"href":"https:\/\/allfixpro.de\/pl\/wp-json\/wp\/v2\/posts\/593\/revisions"}],"predecessor-version":[{"id":594,"href":"https:\/\/allfixpro.de\/pl\/wp-json\/wp\/v2\/posts\/593\/revisions\/594"}],"wp:featuredmedia":[{"embeddable":true,"href":"https:\/\/allfixpro.de\/pl\/wp-json\/wp\/v2\/media\/596"}],"wp:attachment":[{"href":"https:\/\/allfixpro.de\/pl\/wp-json\/wp\/v2\/media?parent=593"}],"wp:term":[{"taxonomy":"category","embeddable":true,"href":"https:\/\/allfixpro.de\/pl\/wp-json\/wp\/v2\/categories?post=593"},{"taxonomy":"post_tag","embeddable":true,"href":"https:\/\/allfixpro.de\/pl\/wp-json\/wp\/v2\/tags?post=593"}],"curies":[{"name":"wp","href":"https:\/\/api.w.org\/{rel}","templated":true}]}}