{"id":885,"date":"2025-08-05T07:58:00","date_gmt":"2025-08-05T07:58:00","guid":{"rendered":"https:\/\/allfixpro.de\/?p=885"},"modified":"2025-08-01T21:45:33","modified_gmt":"2025-08-01T21:45:33","slug":"elastyczne-koncepcje-budowlane","status":"publish","type":"post","link":"https:\/\/allfixpro.de\/pl\/flexible-baukonzepte\/","title":{"rendered":"11 powod\u00f3w, dla kt\u00f3rych elastyczne koncepcje konstrukcyjne w modu\u0142owym budownictwie komercyjnym zapewniaj\u0105 wydajno\u015b\u0107 i elastyczno\u015b\u0107"},"content":{"rendered":"<h2 class=\"wp-block-heading\" id='modularer-gewerbebau-flexibilitaet-und-effizienz-in-der-umsetzung'>Modu\u0142owe budownictwo komercyjne: elastyczno\u015b\u0107 i efektywno\u015b\u0107 realizacji<\/h2>\n\n<p>Elastyczne koncepcje budowlane zyskuj\u0105 coraz wi\u0119ksze znaczenie w budownictwie komercyjnym, poniewa\u017c umo\u017cliwiaj\u0105 firmom szybkie i skuteczne reagowanie na zmieniaj\u0105ce si\u0119 warunki rynkowe i rosn\u0105ce zapotrzebowanie. W dzisiejszej dynamicznie rozwijaj\u0105cej si\u0119 gospodarce kluczowe jest elastyczne projektowanie infrastruktury, aby zapewni\u0107 zar\u00f3wno wydajno\u015b\u0107, jak i op\u0142acalno\u015b\u0107. W tym artykule analizujemy r\u00f3\u017cne aspekty budownictwa modu\u0142owego i jego zalety dla bran\u017cy remontowej.<\/p>\n<nav id='rank-math-toc' class='custom-toc wp-block-rank-math-toc-block' role='navigation' aria-label='Spis tre\u015bci' style='margin: 20px 0;padding: 15px;background-color: #f9f9f9;border: 1px solid #ddd;border-radius: 5px'><h2 class='toc-title' style='margin: 0 0 16px 0;padding-bottom: 8px;font-size: 1.4em;font-weight: 600;color: #1f2937;border-bottom: 1px solid #ddd'>Spis tre\u015bci<\/h2><ul class='toc-list' style='list-style-type: \"\u2013 \";padding-left: 20px;margin: 0;max-height: 400px;position: relative;z-index: 1'><ul class='toc-sublist' style='list-style-type: \"\u2013 \";padding-left: 20px;margin: 0;max-height: 400px;position: relative;z-index: 1'><li class='toc-item toc-level-2' style='margin: 10px 0;line-height: 1.5'><a href='#modularer-gewerbebau-flexibilitaet-und-effizienz-in-der-umsetzung' class='toc-link' style='text-decoration: none;color: #374151;display: block;padding-left: 8px'>Modu\u0142owe budownictwo komercyjne: elastyczno\u015b\u0107 i efektywno\u015b\u0107 realizacji<\/a><\/li><li class='toc-item toc-level-2' style='margin: 10px 0;line-height: 1.5'><a href='#inhaltsverzeichnis' class='toc-link' style='text-decoration: none;color: #374151;display: block;padding-left: 8px'>Spis tre\u015bci<\/a><ul class='toc-sublist' style='list-style-type: \"\u2013 \";padding-left: 20px;margin: 0;max-height: 400px;position: relative;z-index: 1'><li class='toc-item toc-level-3' style='margin: 10px 0;line-height: 1.5'><a href='#einleitung' class='toc-link' style='text-decoration: none;color: #374151;display: block;padding-left: 8px'>Wst\u0119p<\/a><\/li><li class='toc-item toc-level-3' style='margin: 10px 0;line-height: 1.5'><a href='#vorteile-modularer-baukonzepte' class='toc-link' style='text-decoration: none;color: #374151;display: block;padding-left: 8px'>Zalety modu\u0142owych koncepcji budowlanych<\/a><ul class='toc-sublist' style='list-style-type: \"\u2013 \";padding-left: 20px;margin: 0;max-height: 400px;position: relative;z-index: 1'><li class='toc-item toc-level-4' style='margin: 10px 0;line-height: 1.5'><a href='#flexibilitaet-in-der-planung' class='toc-link' style='text-decoration: none;color: #374151;display: block;padding-left: 8px'>Elastyczno\u015b\u0107 w planowaniu<\/a><\/li><li class='toc-item toc-level-4' style='margin: 10px 0;line-height: 1.5'><a href='#effizienz-in-der-umsetzung' class='toc-link' style='text-decoration: none;color: #374151;display: block;padding-left: 8px'>Efektywno\u015b\u0107 wdra\u017cania<\/a><\/ul><\/li><\/ul><\/li><\/li><li class='toc-item toc-level-2' style='margin: 10px 0;line-height: 1.5'><a href='#technologien-und-materialien' class='toc-link' style='text-decoration: none;color: #374151;display: block;padding-left: 8px'>Technologie i materia\u0142y<\/a><ul class='toc-sublist' style='list-style-type: \"\u2013 \";padding-left: 20px;margin: 0;max-height: 400px;position: relative;z-index: 1'><li class='toc-item toc-level-3' style='margin: 10px 0;line-height: 1.5'><a href='#innovative-bauverfahren' class='toc-link' style='text-decoration: none;color: #374151;display: block;padding-left: 8px'>Innowacyjne metody budowy<\/a><\/li><li class='toc-item toc-level-3' style='margin: 10px 0;line-height: 1.5'><a href='#nachhaltige-materialien-fuer-flexible-baukonzepte' class='toc-link' style='text-decoration: none;color: #374151;display: block;padding-left: 8px'>Zr\u00f3wnowa\u017cone materia\u0142y dla elastycznych koncepcji budowlanych<\/a><\/ul><\/li><\/li><li class='toc-item toc-level-2' style='margin: 10px 0;line-height: 1.5'><a href='#anwendungsbeispiele-im-gewerblichen-sektor' class='toc-link' style='text-decoration: none;color: #374151;display: block;padding-left: 8px'>Przyk\u0142ady zastosowa\u0144 w sektorze komercyjnym<\/a><ul class='toc-sublist' style='list-style-type: \"\u2013 \";padding-left: 20px;margin: 0;max-height: 400px;position: relative;z-index: 1'><li class='toc-item toc-level-3' style='margin: 10px 0;line-height: 1.5'><a href='#erfolgsgeschichten-aus-der-industrie' class='toc-link' style='text-decoration: none;color: #374151;display: block;padding-left: 8px'>Historie sukcesu z bran\u017cy<\/a><\/li><li class='toc-item toc-level-3' style='margin: 10px 0;line-height: 1.5'><a href='#branchenspezifische-loesungen' class='toc-link' style='text-decoration: none;color: #374151;display: block;padding-left: 8px'>Rozwi\u0105zania bran\u017cowe<\/a><\/ul><\/li><\/li><li class='toc-item toc-level-2' style='margin: 10px 0;line-height: 1.5'><a href='#herausforderungen-und-loesungsansaetze' class='toc-link' style='text-decoration: none;color: #374151;display: block;padding-left: 8px'>Wyzwania i rozwi\u0105zania<\/a><ul class='toc-sublist' style='list-style-type: \"\u2013 \";padding-left: 20px;margin: 0;max-height: 400px;position: relative;z-index: 1'><li class='toc-item toc-level-3' style='margin: 10px 0;line-height: 1.5'><a href='#maengel-in-der-standardisierung' class='toc-link' style='text-decoration: none;color: #374151;display: block;padding-left: 8px'>Niedobory w standaryzacji<\/a><\/li><li class='toc-item toc-level-3' style='margin: 10px 0;line-height: 1.5'><a href='#integrationsprobleme-in-bestehende-infrastruktur' class='toc-link' style='text-decoration: none;color: #374151;display: block;padding-left: 8px'>Problemy z integracj\u0105 z istniej\u0105c\u0105 infrastruktur\u0105<\/a><\/ul><\/li><\/li><li class='toc-item toc-level-2' style='margin: 10px 0;line-height: 1.5'><a href='#fazit-und-ausblick' class='toc-link' style='text-decoration: none;color: #374151;display: block;padding-left: 8px'>Wnioski i perspektywy<\/a><ul class='toc-sublist' style='list-style-type: \"\u2013 \";padding-left: 20px;margin: 0;max-height: 400px;position: relative;z-index: 1'><li class='toc-item toc-level-3' style='margin: 10px 0;line-height: 1.5'><a href='#zukunftsperspektiven-modularer-gewerbebauten' class='toc-link' style='text-decoration: none;color: #374151;display: block;padding-left: 8px'>Przysz\u0142e perspektywy dla modu\u0142owych budynk\u00f3w komercyjnych<\/a><\/li><li class='toc-item toc-level-3' style='margin: 10px 0;line-height: 1.5'><a href='#empfehlungen-fuer-fachleute' class='toc-link' style='text-decoration: none;color: #374151;display: block;padding-left: 8px'>Rekomendacje dla profesjonalist\u00f3w<\/a><\/li><\/ul><\/li><\/ul><\/li><\/ul><\/nav>\n\n\n<h2 class=\"wp-block-heading\" id='inhaltsverzeichnis'>Spis tre\u015bci<\/h2>\n\n<h3 class=\"wp-block-heading\" id='einleitung'>Wst\u0119p<\/h3>\n<p>Modu\u0142owe budownictwo komercyjne odnosi si\u0119 do wykorzystania prefabrykowanych modu\u0142\u00f3w, kt\u00f3re s\u0105 \u0142\u0105czone w celu utworzenia kompletnego budynku. Ta metoda pozwala firmom realizowa\u0107 projekty budowlane znacznie szybciej i bardziej ekonomicznie. W renowacji obiekt\u00f3w przemys\u0142owych znaczenie elastyczno\u015bci i wydajno\u015bci jest dzi\u015b niekwestionowane.<\/p>\n\n<h3 class=\"wp-block-heading\" id='vorteile-modularer-baukonzepte'>Zalety modu\u0142owych koncepcji budowlanych<\/h3>\n\n<h4 class=\"wp-block-heading\" id='flexibilitaet-in-der-planung'>Elastyczno\u015b\u0107 w planowaniu<\/h4>\n<p>Podstawow\u0105 zalet\u0105 budownictwa modu\u0142owego jest elastyczno\u015b\u0107 planowania. Firmy mog\u0105 dostosowywa\u0107 swoje obiekty do przysz\u0142ych wymaga\u0144 bez konieczno\u015bci gruntownej przebudowy. Osi\u0105ga si\u0119 to mi\u0119dzy innymi poprzez:<\/p>\n<ul class=\"wp-block-list\"><li>Mo\u017cliwo\u015b\u0107 rozbudowy istniej\u0105cych modu\u0142\u00f3w lub dodawania nowych modu\u0142\u00f3w.<\/li><li>Elastyczna konstrukcja pomieszcze\u0144, pozwalaj\u0105ca na \u0142atw\u0105 zmian\u0119 ich uk\u0142adu i przeznaczenia.<\/li><li>Tworzenie konkretnych modu\u0142\u00f3w odpowiadaj\u0105cych indywidualnym potrzebom firmy.<\/li><\/ul>\n\n<h4 class=\"wp-block-heading\" id='effizienz-in-der-umsetzung'>Efektywno\u015b\u0107 wdra\u017cania<\/h4>\n<p>Budownictwo modu\u0142owe zapewnia nie tylko wi\u0119ksz\u0105 elastyczno\u015b\u0107, ale tak\u017ce znaczn\u0105 wydajno\u015b\u0107 wdro\u017cenia. Prefabrykacja modu\u0142\u00f3w w kontrolowanych warunkach pozwala na znaczne skr\u00f3cenie czasu budowy:<\/p>\n<ul class=\"wp-block-list\"><li>Projekty mo\u017cna cz\u0119sto uko\u0144czy\u0107 nawet o 50% szybciej ni\u017c przy zastosowaniu tradycyjnych metod budowlanych.<\/li><li>Jednoczesne przygotowanie placu budowy i produkcja modu\u0142\u00f3w skracaj\u0105 niezb\u0119dny czas.<\/li><li>Efektywno\u015b\u0107 kosztow\u0105 uzyskuje si\u0119 poprzez standaryzacj\u0119 proces\u00f3w i optymalne wykorzystanie materia\u0142\u00f3w.<\/li><\/ul>\n\n<h2 class=\"wp-block-heading\" id='technologien-und-materialien'>Technologie i materia\u0142y<\/h2>\n\n<h3 class=\"wp-block-heading\" id='innovative-bauverfahren'>Innowacyjne metody budowy<\/h3>\n<p>Wprowadzenie innowacyjnych metod budowlanych jest kluczowym aspektem budownictwa modu\u0142owego. Na szczeg\u00f3ln\u0105 uwag\u0119 zas\u0142uguj\u0105 prefabrykacja i digitalizacja procesu budowlanego, kt\u00f3re maj\u0105 istotny wp\u0142yw na wydajno\u015b\u0107 i jako\u015b\u0107:<\/p>\n<ul class=\"wp-block-list\"><li>PREFABRYKACJA: Modu\u0142y s\u0105 wst\u0119pnie produkowane w warsztatach, co minimalizuje czas monta\u017cu na miejscu.<\/li><li>CYFRYZACJA: Wykorzystanie Building Information Modeling (BIM) umo\u017cliwia precyzyjne planowanie i wizualizacj\u0119 projekt\u00f3w budowlanych.<\/li><li>Automatyzacja procesu produkcyjnego poprawia kontrol\u0119 jako\u015bci i zwi\u0119ksza wydajno\u015b\u0107.<\/li><\/ul>\n\n<h3 class=\"wp-block-heading\" id='nachhaltige-materialien-fuer-flexible-baukonzepte'>Zr\u00f3wnowa\u017cone materia\u0142y dla elastycznych koncepcji budowlanych<\/h3>\n<p>Zr\u00f3wnowa\u017cony rozw\u00f3j odgrywa coraz wa\u017cniejsz\u0105 rol\u0119 w bran\u017cy budowlanej. Budynki modu\u0142owe s\u0105 cz\u0119sto wykonane z materia\u0142\u00f3w wielokrotnego u\u017cytku, co pozwala oszcz\u0119dza\u0107 zasoby. Do wa\u017cnych aspekt\u00f3w nale\u017c\u0105:<\/p>\n<ul class=\"wp-block-list\"><li>Wyb\u00f3r materia\u0142\u00f3w przyjaznych \u015brodowisku, kt\u00f3re redukuj\u0105 \u015blad ekologiczny.<\/li><li>Mo\u017cliwo\u015b\u0107 demonta\u017cu modu\u0142\u00f3w w razie potrzeby i ponownego wykorzystania ich w innym miejscu, co sprzyja gospodarce o obiegu zamkni\u0119tym.<\/li><li>Analiza koszt\u00f3w cyklu \u017cycia, kt\u00f3ra obejmuje nie tylko pocz\u0105tkowe koszty budowy, ale tak\u017ce d\u0142ugoterminowe u\u017cytkowanie i konserwacj\u0119.<\/li><\/ul>\n\n<h2 class=\"wp-block-heading\" id='anwendungsbeispiele-im-gewerblichen-sektor'>Przyk\u0142ady zastosowa\u0144 w sektorze komercyjnym<\/h2>\n\n<h3 class=\"wp-block-heading\" id='erfolgsgeschichten-aus-der-industrie'>Historie sukcesu z bran\u017cy<\/h3>\n<p>Zalety budownictwa modu\u0142owego s\u0105 imponuj\u0105co udokumentowane w r\u00f3\u017cnych bran\u017cowych studiach przypadku. Jednym z przyk\u0142ad\u00f3w jest kompleksowy projekt mieszkaniowy w Szwecji, w kt\u00f3rym wykorzystano BIM do planowania i produkcji:<\/p>\n<ul class=\"wp-block-list\"><li>Precyzyjna koordynacja i prefabrykacja pozwoli\u0142y na skr\u00f3cenie czasu budowy o oko\u0142o 40 %.<\/li><li>Koszty uda\u0142o si\u0119 r\u00f3wnie\u017c obni\u017cy\u0107 dzi\u0119ki efektywnemu wykorzystaniu zasob\u00f3w.<\/li><\/ul>\n<p>Te sukcesy pokazuj\u0105, jak skutecznie mo\u017cna wdra\u017ca\u0107 w praktyce koncepcje modu\u0142owe.<\/p>\n\n<h3 class=\"wp-block-heading\" id='branchenspezifische-loesungen'>Rozwi\u0105zania bran\u017cowe<\/h3>\n<p>Modu\u0142owe budownictwo komercyjne oferuje wszechstronne rozwi\u0105zania, kt\u00f3re odpowiadaj\u0105 specyfikom r\u00f3\u017cnych bran\u017c. Przyk\u0142ady obejmuj\u0105:<\/p>\n<ul class=\"wp-block-list\"><li>Obiekty logistyczne i magazynowe z mo\u017cliwo\u015bci\u0105 szybkiej adaptacji i rozbudowy.<\/li><li>Koncepcje biurowe i przestrzenie coworkingowe promuj\u0105ce nowoczesn\u0105 prac\u0119.<\/li><\/ul>\n\n<h2 class=\"wp-block-heading\" id='herausforderungen-und-loesungsansaetze'>Wyzwania i rozwi\u0105zania<\/h2>\n\n<h3 class=\"wp-block-heading\" id='maengel-in-der-standardisierung'>Niedobory w standaryzacji<\/h3>\n<p>Pomimo licznych zalet, budownictwo modu\u0142owe wi\u0105\u017ce si\u0119 r\u00f3wnie\u017c z wyzwaniami. Jednym z istotnych problem\u00f3w jest standaryzacja. Nast\u0119puj\u0105ce aspekty odgrywaj\u0105 tu istotn\u0105 rol\u0119:<\/p>\n<ul class=\"wp-block-list\"><li>Aby zagwarantowa\u0107 sp\u00f3jne standardy, jako\u015b\u0107 produkcji musi by\u0107 \u015bci\u015ble monitorowana.<\/li><li>R\u00f3wnowaga mi\u0119dzy dostosowaniem do potrzeb klienta a produkcj\u0105 masow\u0105 jest kluczowa dla zachowania elastyczno\u015bci projektu.<\/li><\/ul>\n\n<h3 class=\"wp-block-heading\" id='integrationsprobleme-in-bestehende-infrastruktur'>Problemy z integracj\u0105 z istniej\u0105c\u0105 infrastruktur\u0105<\/h3>\n<p>Kolejnym problemem s\u0105 wyzwania zwi\u0105zane z integracj\u0105 z istniej\u0105c\u0105 infrastruktur\u0105. P\u0142ynne przej\u015bcia do istniej\u0105cych projekt\u00f3w budowlanych wymagaj\u0105 starannego planowania:<\/p>\n<ul class=\"wp-block-list\"><li>Interfejsy mi\u0119dzy nowymi modu\u0142ami i starymi strukturami musz\u0105 by\u0107 starannie zaprojektowane.<\/li><li>Zaplanowanie przej\u015bcia wymaga \u015bcis\u0142ej komunikacji i wsp\u00f3\u0142pracy ze wszystkimi stronami zainteresowanymi.<\/li><\/ul>\n\n<h2 class=\"wp-block-heading\" id='fazit-und-ausblick'>Wnioski i perspektywy<\/h2>\n\n<h3 class=\"wp-block-heading\" id='zukunftsperspektiven-modularer-gewerbebauten'>Przysz\u0142e perspektywy dla modu\u0142owych budynk\u00f3w komercyjnych<\/h3>\n<p>Budownictwo modu\u0142owe ma potencja\u0142, by fundamentalnie zmieni\u0107 bran\u017c\u0119 budowlan\u0105. Trendy wskazuj\u0105, \u017ce popyt na elastyczne koncepcje budowlane b\u0119dzie nadal r\u00f3s\u0142, poniewa\u017c firmy b\u0119d\u0105 w przysz\u0142o\u015bci jeszcze bardziej polega\u0107 na zdolno\u015bci adaptacji. W coraz bardziej dynamicznym \u015bwiecie biznesu firmy musz\u0105 proaktywnie zarz\u0105dza\u0107 zmianami.<\/p>\n\n<h3 class=\"wp-block-heading\" id='empfehlungen-fuer-fachleute'>Rekomendacje dla profesjonalist\u00f3w<\/h3>\n<p>Dla profesjonalist\u00f3w z bran\u017cy remontowej wa\u017cne jest powa\u017cne rozwa\u017cenie koncepcji budownictwa modu\u0142owego. Zalecane strategie obejmuj\u0105:<\/p>\n<ul class=\"wp-block-list\"><li>Wdra\u017canie najlepszych praktyk w zakresie stosowania koncepcji modu\u0142owych w bie\u017c\u0105cych i przysz\u0142ych projektach.<\/li><li>Szkolenia i dokszta\u0142canie pracownik\u00f3w w zakresie wykorzystania nowoczesnych technologii takich jak BIM i IoT.<\/li><\/ul>\n\n<p>Z Allfixpro otrzymujesz najwy\u017cszej jako\u015bci wykonanie w uczciwej cenie \u2013 z gwarancj\u0105 terminowo\u015bci. Wysokiej jako\u015bci materia\u0142y i certyfikowane procesy stanowi\u0105 podstaw\u0119 profesjonalnych rezultat\u00f3w. Przejrzyste wyceny bez ukrytych koszt\u00f3w gwarantuj\u0105 planowanie bud\u017cetu. Wi\u0105\u017c\u0105ce terminy i codzienne raporty z post\u0119p\u00f3w gwarantuj\u0105 dotrzymanie harmonogramu. Ponad 300 zrealizowanych projekt\u00f3w w Niemczech \u015bwiadczy o naszej rzetelno\u015bci. Zadzwo\u0144 do nas ju\u017c dzi\u015b pod numer +49 151 688 460 60 i um\u00f3w si\u0119 na bezp\u0142atn\u0105 konsultacj\u0119!<\/p>\n\n<footer>\n    Allfixpro GmbH \u00b7 Tw\u00f3j partner w zakresie wyrafinowanego wyposa\u017cenia wn\u0119trz.\n<\/footer>","protected":false},"excerpt":{"rendered":"<p>Modularer Gewerbebau: Flexibilit\u00e4t und Effizienz in der Umsetzung Flexible Baukonzepte gewinnen im Gewerbebau zunehmend an Bedeutung, da sie es Unternehmen<\/p>","protected":false},"author":1,"featured_media":0,"comment_status":"open","ping_status":"open","sticky":false,"template":"","format":"standard","meta":{"footnotes":""},"categories":[1],"tags":[130,95,129,75,131],"class_list":["post-885","post","type-post","status-publish","format-standard","hentry","category-industrie_sanierung","tag-baukonzepte","tag-effizienz","tag-flexibilitaet","tag-gewerbebau","tag-marktbedingungen"],"_links":{"self":[{"href":"https:\/\/allfixpro.de\/pl\/wp-json\/wp\/v2\/posts\/885","targetHints":{"allow":["GET"]}}],"collection":[{"href":"https:\/\/allfixpro.de\/pl\/wp-json\/wp\/v2\/posts"}],"about":[{"href":"https:\/\/allfixpro.de\/pl\/wp-json\/wp\/v2\/types\/post"}],"author":[{"embeddable":true,"href":"https:\/\/allfixpro.de\/pl\/wp-json\/wp\/v2\/users\/1"}],"replies":[{"embeddable":true,"href":"https:\/\/allfixpro.de\/pl\/wp-json\/wp\/v2\/comments?post=885"}],"version-history":[{"count":1,"href":"https:\/\/allfixpro.de\/pl\/wp-json\/wp\/v2\/posts\/885\/revisions"}],"predecessor-version":[{"id":886,"href":"https:\/\/allfixpro.de\/pl\/wp-json\/wp\/v2\/posts\/885\/revisions\/886"}],"wp:attachment":[{"href":"https:\/\/allfixpro.de\/pl\/wp-json\/wp\/v2\/media?parent=885"}],"wp:term":[{"taxonomy":"category","embeddable":true,"href":"https:\/\/allfixpro.de\/pl\/wp-json\/wp\/v2\/categories?post=885"},{"taxonomy":"post_tag","embeddable":true,"href":"https:\/\/allfixpro.de\/pl\/wp-json\/wp\/v2\/tags?post=885"}],"curies":[{"name":"wp","href":"https:\/\/api.w.org\/{rel}","templated":true}]}}